{"id":75844,"date":"2026-09-02T18:44:43","date_gmt":"2026-09-02T16:44:43","guid":{"rendered":"https:\/\/novastan.org\/fr\/?p=75844"},"modified":"2026-09-02T18:44:46","modified_gmt":"2026-09-02T16:44:46","slug":"tadjikistan-afghanistan-frontiere-pamir-melanie-sadozai","status":"publish","type":"post","link":"https:\/\/novastan.org\/fr\/tadjikistan\/tadjikistan-afghanistan-frontiere-pamir-melanie-sadozai\/","title":{"rendered":"Au Pamir, une fronti\u00e8re qui relie autant qu&rsquo;elle s\u00e9pare"},"content":{"rendered":"\n<div class=\"flex flex-col md:flex-row justify-evenly items-center bg-yellow-100 my-20 p-10 space-y-10 subscribe\">\n\t<div class=\"container flex flex-col lg:flex-row justify-between\">\n\t\t<div class=\"flex flex-col w-full lg:w-3\/5 pb-4\">\n\t\t\t<h2 class=\"text-3xl text-secondary font-bold mb-4 text-[#749D02]\">\n\t\t\t\t\t\t\t\tSoutenez Novastan, le m\u00e9dia associatif d\u2019Asie centrale \n\t\t\t<\/h2>\n\t\t\t\tEn vous abonnant \u00e0 Novastan, vous soutenez le seul m\u00e9dia europ\u00e9en sp\u00e9cialis\u00e9 sur l\u2019Asie centrale. Nous sommes ind\u00e9pendants et pour le rester, nous avons besoin de votre aide ! \n\t\t\t\t\t\t<\/div>\n\t\t<div class=\"flex flex-col w-full lg:w-2\/5 justify-items-center justify-center pb-4\">\n\t\t\t<div class=\"rounded-md bg-accent-500 px-10 py-5 text-center w-72 mx-auto\">\n\t\t\t\t\t\t\t\t\t\t\t\t\t\t\t<p class=\"pricing text-2xl font-bold\">A partir de 3 \u20ac \/ mois<\/p>\n\t\t\t\t\t\t\t\t<p class=\"\">Toute l\u2019actualit\u00e9 d\u2019Asie centrale<\/p>\n\t\t\t\t\t\t\t\t<a class=\"block rounded bg-white p-2 mt-4 font-bold\" href=\"https:\/\/novastan.org\/fr\/sabonner\/\">Abonnez-vous<\/a>\n\t\t\t\t\t\t\t<\/div>\n\t\t<\/div>\n\t<\/div>\n<\/div>\n\n\n\n<p class=\"wp-block-paragraph\"><\/p>\n\n\n\n<p class=\"wp-block-paragraph\"><em>Dans <em><a href=\"https:\/\/www.pulm.fr\/default\/tadjikistan-afghanistan.html\" data-type=\"link\" data-id=\"https:\/\/www.pulm.fr\/default\/tadjikistan-afghanistan.html\">Tadjikistan-Afghanistan. Une fronti\u00e8re aux confins du Pamir<\/a><\/em>, la chercheuse M\u00e9lanie Sadoza\u00ef renverse le regard habituellement port\u00e9 sur l&rsquo;une des fronti\u00e8res les plus sensibles d&rsquo;Asie centrale. Derri\u00e8re les images de narcotrafic, de terrorisme et d&rsquo;instabilit\u00e9 appara\u00eet un espace d&rsquo;\u00e9changes, de solidarit\u00e9s et de circulation dont d\u00e9pendent depuis longtemps les populations des deux rives.<\/em><\/p>\n\n\n\n<p class=\"wp-block-paragraph\">Une rivi\u00e8re s\u00e9pare le Tadjikistan de l&rsquo;Afghanistan. Mais suffit-elle \u00e0 faire de ceux qui vivent de part et d&rsquo;autre des \u00e9trangers ?<\/p>\n\n\n\n<p class=\"wp-block-paragraph\">Dans les montagnes du Pamir, le Pyanj mat\u00e9rialise l&rsquo;essentiel des 1 374 kilom\u00e8tres de fronti\u00e8re entre les deux pays, sur environ 1 125 kilom\u00e8tres. Il traverse le Badakhchan, r\u00e9gion historique aujourd&rsquo;hui divis\u00e9e entre une province afghane et la province autonome du Haut-Badakhchan, au Tadjikistan. Cette fronti\u00e8re est relativement r\u00e9cente : elle r\u00e9sulte notamment du partage des zones d&rsquo;influence russe et britannique \u00e0 la fin du XIXe si\u00e8cle.<\/p>\n\n\n\n<p class=\"wp-block-paragraph\">Depuis, la ligne politique est devenue particuli\u00e8rement charg\u00e9e de significations. Afghanistan, narcotrafic, islamisme, instabilit\u00e9 : vus depuis Douchanb\u00e9 comme depuis les capitales occidentales, les rives du Pyanj apparaissent volontiers comme une barri\u00e8re destin\u00e9e \u00e0 emp\u00eacher les dangers du sud de gagner l&rsquo;Asie centrale.<\/p>\n\n\n\n<p class=\"wp-block-paragraph\">C&rsquo;est pr\u00e9cis\u00e9ment cette repr\u00e9sentation que M\u00e9lanie Sadoza\u00ef entreprend de renverser dans <em>Tadjikistan-Afghanistan. Une fronti\u00e8re aux confins du Pamir<\/em>, publi\u00e9 en 2026 aux Presses universitaires de la M\u00e9diterran\u00e9e.<\/p>\n\n\n\n<p class=\"wp-block-paragraph\">Son interrogation pourrait se r\u00e9sumer par une question volontairement provocatrice : <strong>et si, pour les habitants du Pamir, l&rsquo;Afghanistan repr\u00e9sentait parfois davantage une ressource qu&rsquo;une menace ?<\/strong><\/p>\n\n\n\n<p class=\"wp-block-paragraph\"><\/p>\n\n\n\n<h3 class=\"wp-block-heading\">Fabriquer une fronti\u00e8re dangereuse<\/h3>\n\n\n\n<p class=\"wp-block-paragraph\"><\/p>\n\n\n\n<p class=\"wp-block-paragraph\">Sadoza\u00ef commence par d\u00e9construire ce qu&rsquo;elle appelle l&rsquo;\u00ab imaginaire de la fronti\u00e8re dangereuse \u00bb. Depuis les attentats du 11 septembre 2001 et la guerre men\u00e9e en Afghanistan, \u00e9crit-elle, m\u00e9dias, responsables politiques et une partie de la recherche ont abord\u00e9 la fronti\u00e8re tadjiko-afghane principalement \u00e0 travers le vocabulaire de la menace.<\/p>\n\n\n\n<p class=\"wp-block-paragraph\">Elle cite les descriptions d&rsquo;une fronti\u00e8re \u00ab poreuse \u00bb, \u00ab violente \u00bb, \u00ab vuln\u00e9rable \u00bb ou encore d&rsquo;un voisinage intrins\u00e8quement dangereux. L&rsquo;Afghanistan devient alors moins un pays habit\u00e9 qu&rsquo;une source potentielle de terrorisme, de trafic et de d\u00e9sordre qu&rsquo;il faudrait contenir.<\/p>\n\n\n\n<p class=\"wp-block-paragraph\">Ces inqui\u00e9tudes ne sont \u00e9videmment pas imaginaires. La drogue produite en Afghanistan traverse bien le Tadjikistan, int\u00e9gr\u00e9 \u00e0 la \u00ab route du nord \u00bb vers la Russie et l&rsquo;Europe.<\/p>\n\n\n\n<p class=\"wp-block-paragraph\">Mais Sadoza\u00ef montre combien la focalisation exclusive sur ces ph\u00e9nom\u00e8nes d\u00e9forme une r\u00e9alit\u00e9 beaucoup plus complexe. Elle rappelle notamment, \u00e0 partir des sources qu&rsquo;elle mobilise, que la route du nord ne repr\u00e9sentait qu&rsquo;environ 25 % du trafic d&rsquo;h\u00e9ro\u00efne quittant l&rsquo;Afghanistan, tandis qu&rsquo;une enqu\u00eate de l&rsquo;UNODC cit\u00e9e dans le livre identifiait l&rsquo;Iran et le Pakistan comme des d\u00e9bouch\u00e9s frontaliers beaucoup plus importants que le Tadjikistan.<\/p>\n\n\n\n<p class=\"wp-block-paragraph\">Surtout, le discours s\u00e9curitaire n&rsquo;est pas neutre. Il produit des politiques.<\/p>\n\n\n\n<p class=\"wp-block-paragraph\">Au Tadjikistan, affirme l&rsquo;auteure, l&rsquo;insistance sur la menace venue d&rsquo;Afghanistan contribue \u00e0 l\u00e9gitimer le contr\u00f4le exerc\u00e9 par le pouvoir central sur les p\u00e9riph\u00e9ries. Dans le Haut-Badakhchan, r\u00e9gion marqu\u00e9e par des relations particuli\u00e8rement conflictuelles avec Douchanb\u00e9, la s\u00e9curisation de la fronti\u00e8re se confond ainsi parfois avec le renforcement de la pr\u00e9sence de l&rsquo;\u00c9tat et de ses forces de s\u00e9curit\u00e9.<\/p>\n\n\n\n<p class=\"wp-block-paragraph\"><strong>Lire aussi sur Novastan<\/strong>: <a href=\"https:\/\/novastan.org\/fr\/tadjikistan\/tadjikistan-nettoyage-ethnique-et-repression-dans-le-haut-badakhchan\/\" data-type=\"link\" data-id=\"https:\/\/novastan.org\/fr\/tadjikistan\/tadjikistan-nettoyage-ethnique-et-repression-dans-le-haut-badakhchan\/\">Tadjikistan : nettoyage ethnique et r\u00e9pression dans le Haut-Badakhchan<\/a><\/p>\n\n\n\n<p class=\"wp-block-paragraph\">C&rsquo;est l\u00e0 l&rsquo;une des forces du livre : <strong>changer d&rsquo;\u00e9chelle<\/strong>. Plut\u00f4t que de regarder la fronti\u00e8re depuis les minist\u00e8res, les organisations internationales ou les \u00e9tats-majors, Sadoza\u00ef l&rsquo;observe depuis les villages du Pyanj.<\/p>\n\n\n\n<p class=\"wp-block-paragraph\">Et la perspective change radicalement.<\/p>\n\n\n\n<p class=\"wp-block-paragraph\"><\/p>\n\n\n\n<h3 class=\"wp-block-heading\">Quand la fronti\u00e8re devient une ressource<\/h3>\n\n\n\n<p class=\"wp-block-paragraph\"><\/p>\n\n\n\n<p class=\"wp-block-paragraph\">Le paradoxe qui traverse tout l&rsquo;ouvrage est simple : la fronti\u00e8re divise, mais elle cr\u00e9e aussi des possibilit\u00e9s pr\u00e9cis\u00e9ment parce qu&rsquo;elle met en contact deux espaces aux ressources diff\u00e9rentes.<\/p>\n\n\n\n<p class=\"wp-block-paragraph\">Les march\u00e9s transfrontaliers en offrent l&rsquo;illustration la plus visible.<\/p>\n\n\n\n<figure class=\"wp-block-image size-large\"><img loading=\"lazy\" decoding=\"async\" width=\"1024\" height=\"678\" src=\"https:\/\/novastan.org\/fr\/wp-content\/uploads\/sites\/4\/2026\/09\/Produits-vendus-par-un-commercant-afghan_marche-de-Tem_2019_web-1024x678.jpg\" alt=\"\" class=\"wp-image-75871\" srcset=\"https:\/\/novastan.org\/fr\/wp-content\/uploads\/sites\/4\/2026\/09\/Produits-vendus-par-un-commercant-afghan_marche-de-Tem_2019_web-1024x678.jpg 1024w, https:\/\/novastan.org\/fr\/wp-content\/uploads\/sites\/4\/2026\/09\/Produits-vendus-par-un-commercant-afghan_marche-de-Tem_2019_web-300x200.jpg 300w, https:\/\/novastan.org\/fr\/wp-content\/uploads\/sites\/4\/2026\/09\/Produits-vendus-par-un-commercant-afghan_marche-de-Tem_2019_web-768x508.jpg 768w, https:\/\/novastan.org\/fr\/wp-content\/uploads\/sites\/4\/2026\/09\/Produits-vendus-par-un-commercant-afghan_marche-de-Tem_2019_web-1536x1017.jpg 1536w, https:\/\/novastan.org\/fr\/wp-content\/uploads\/sites\/4\/2026\/09\/Produits-vendus-par-un-commercant-afghan_marche-de-Tem_2019_web.jpg 2000w\" sizes=\"auto, (max-width: 1024px) 100vw, 1024px\" \/><figcaption class=\"wp-element-caption\">Produits propos\u00e9s par un commer\u00e7ant afghan au march\u00e9 transfrontalier de Tem, en 2019. Photo : M\u00e9lanie Sadoza\u00ef.<\/figcaption><\/figure>\n\n\n\n<p class=\"wp-block-paragraph\"><strong>Lire aussi sur Novastan<\/strong>: <a href=\"https:\/\/novastan.org\/fr\/tadjikistan\/que-vend-on-a-la-frontiere-tadjiko-afghane\/\">Que vend-on \u00e0 la fronti\u00e8re tadjiko-afghane ?<\/a><\/p>\n\n\n\n<p class=\"wp-block-paragraph\">Pendant leurs p\u00e9riodes d&rsquo;ouverture, les habitants pouvaient y vendre et acheter des produits venus du Tadjikistan, d&rsquo;Afghanistan, mais \u00e9galement du Pakistan, d&rsquo;Inde, de Chine ou de Russie : fruits, tissus, farine, huile, v\u00eatements, produits d&rsquo;hygi\u00e8ne, appareils \u00e9lectroniques ou chaussures. Ces march\u00e9s g\u00e9n\u00e9raient aussi des emplois, notamment pour les femmes. Sadoza\u00ef rappelle qu&rsquo;au march\u00e9 de Khorog, d\u00e8s 2001, celles-ci repr\u00e9sentaient au moins les deux tiers des commer\u00e7ants.<\/p>\n\n\n\n<p class=\"wp-block-paragraph\">Pour acc\u00e9der aux march\u00e9s transfrontaliers, les commer\u00e7ants pouvaient franchir le point de passage sans visa ni passeport et sans v\u00e9hicule. Cette souplesse ne signifiait pas pour autant l&rsquo;absence de l&rsquo;\u00c9tat : contr\u00f4les douaniers, fermetures arbitraires, corruption et modification des r\u00e8gles pouvaient \u00e0 tout moment perturber les \u00e9changes.<\/p>\n\n\n\n<p class=\"wp-block-paragraph\">La fronti\u00e8re-ressource est donc toujours fragile.<\/p>\n\n\n\n<figure class=\"wp-block-image size-large\"><img loading=\"lazy\" decoding=\"async\" width=\"1024\" height=\"682\" src=\"https:\/\/novastan.org\/fr\/wp-content\/uploads\/sites\/4\/2026\/09\/Pont-transfrontalier-de-Darwaz_2021_web-1024x682.jpg\" alt=\"\" class=\"wp-image-75869\" srcset=\"https:\/\/novastan.org\/fr\/wp-content\/uploads\/sites\/4\/2026\/09\/Pont-transfrontalier-de-Darwaz_2021_web-1024x682.jpg 1024w, https:\/\/novastan.org\/fr\/wp-content\/uploads\/sites\/4\/2026\/09\/Pont-transfrontalier-de-Darwaz_2021_web-300x200.jpg 300w, https:\/\/novastan.org\/fr\/wp-content\/uploads\/sites\/4\/2026\/09\/Pont-transfrontalier-de-Darwaz_2021_web-768x512.jpg 768w, https:\/\/novastan.org\/fr\/wp-content\/uploads\/sites\/4\/2026\/09\/Pont-transfrontalier-de-Darwaz_2021_web-1536x1024.jpg 1536w, https:\/\/novastan.org\/fr\/wp-content\/uploads\/sites\/4\/2026\/09\/Pont-transfrontalier-de-Darwaz_2021_web.jpg 2000w\" sizes=\"auto, (max-width: 1024px) 100vw, 1024px\" \/><figcaption class=\"wp-element-caption\">Pont transfrontalier de Darwaz, sur le Pyanj, en 2021. Photo : M\u00e9lanie Sadoza\u00ef.<\/figcaption><\/figure>\n\n\n\n<p class=\"wp-block-paragraph\">Elle appara\u00eet encore plus clairement dans le domaine de la sant\u00e9. L&rsquo;\u00e9cart entre les infrastructures m\u00e9dicales des deux Badakhchan conduit des habitants afghans \u00e0 traverser le Pyanj pour recevoir des soins au Tadjikistan. Le syst\u00e8me m\u00e9dical du Haut-Badakhchan, d\u00e9velopp\u00e9 pendant la p\u00e9riode sovi\u00e9tique puis partiellement r\u00e9habilit\u00e9 gr\u00e2ce \u00e0 l&rsquo;aide internationale, offre des services qui restent difficilement accessibles sur l&rsquo;autre rive.<\/p>\n\n\n\n<p class=\"wp-block-paragraph\">Ici, une fronti\u00e8re internationale que l&rsquo;on imagine destin\u00e9e \u00e0 prot\u00e9ger le Tadjikistan de l&rsquo;Afghanistan produit exactement l&rsquo;effet inverse : <strong>les ressources disponibles au nord permettent de r\u00e9pondre \u00e0 des besoins vitaux au sud<\/strong>.<\/p>\n\n\n\n<p class=\"wp-block-paragraph\"><\/p>\n\n\n\n<h3 class=\"wp-block-heading\">Des familles s\u00e9par\u00e9es par l&rsquo;histoire<\/h3>\n\n\n\n<p class=\"wp-block-paragraph\"><\/p>\n\n\n\n<p class=\"wp-block-paragraph\">Mais les ressources que d\u00e9crit Sadoza\u00ef ne sont pas uniquement \u00e9conomiques.<\/p>\n\n\n\n<p class=\"wp-block-paragraph\">La fronti\u00e8re trac\u00e9e \u00e0 la fin du XIXe si\u00e8cle a coup\u00e9 un espace historique et humain jusque-l\u00e0 connect\u00e9. Langues pamiries, islam isma\u00e9lien, relations familiales et m\u00e9moire du Badakhchan continuent pourtant \u00e0 traverser la ligne politique.<\/p>\n\n\n\n<p class=\"wp-block-paragraph\">L&rsquo;un des exemples les plus r\u00e9v\u00e9lateurs du livre concerne deux hommes ayant d\u00e9couvert leur parent\u00e9 apr\u00e8s que l&rsquo;un d&rsquo;eux, venu d&rsquo;Afghanistan, eut pu travailler \u00e0 Khorog. En remontant oralement leurs g\u00e9n\u00e9alogies, leurs proches \u00e9tablirent qu&rsquo;ils avaient des anc\u00eatres communs.<\/p>\n\n\n\n<figure class=\"wp-block-image size-large\"><img loading=\"lazy\" decoding=\"async\" width=\"1024\" height=\"682\" src=\"https:\/\/novastan.org\/fr\/wp-content\/uploads\/sites\/4\/2026\/09\/Proximite-avec-lAfghanistan-par-dela-le-Pyanj_2014_web-1024x682.jpg\" alt=\"\" class=\"wp-image-75873\" srcset=\"https:\/\/novastan.org\/fr\/wp-content\/uploads\/sites\/4\/2026\/09\/Proximite-avec-lAfghanistan-par-dela-le-Pyanj_2014_web-1024x682.jpg 1024w, https:\/\/novastan.org\/fr\/wp-content\/uploads\/sites\/4\/2026\/09\/Proximite-avec-lAfghanistan-par-dela-le-Pyanj_2014_web-300x200.jpg 300w, https:\/\/novastan.org\/fr\/wp-content\/uploads\/sites\/4\/2026\/09\/Proximite-avec-lAfghanistan-par-dela-le-Pyanj_2014_web-768x512.jpg 768w, https:\/\/novastan.org\/fr\/wp-content\/uploads\/sites\/4\/2026\/09\/Proximite-avec-lAfghanistan-par-dela-le-Pyanj_2014_web-1536x1024.jpg 1536w, https:\/\/novastan.org\/fr\/wp-content\/uploads\/sites\/4\/2026\/09\/Proximite-avec-lAfghanistan-par-dela-le-Pyanj_2014_web.jpg 2000w\" sizes=\"auto, (max-width: 1024px) 100vw, 1024px\" \/><figcaption class=\"wp-element-caption\">Des habitants sur l\u2019autre rive du Pyanj, en Afghanistan, vus depuis le Tadjikistan en 2014. Photo : M\u00e9lanie Sadoza\u00ef.<\/figcaption><\/figure>\n\n\n\n<p class=\"wp-block-paragraph\">Sadoza\u00ef se garde toutefois d&rsquo;en faire une histoire romantique de retrouvailles g\u00e9n\u00e9ralis\u00e9es. Beaucoup de familles s\u00e9par\u00e9es depuis plusieurs g\u00e9n\u00e9rations n&rsquo;ont jamais repris contact et toutes n&rsquo;en ont ni les moyens ni m\u00eame n\u00e9cessairement le d\u00e9sir. La fronti\u00e8re produit ainsi une autre ressource, plus intangible : <strong>la m\u00e9moire d&rsquo;un territoire autrefois unifi\u00e9<\/strong>.<\/p>\n\n\n\n<p class=\"wp-block-paragraph\">Cette prudence est importante. Le livre n&rsquo;affirme pas que les fronti\u00e8res seraient artificielles au point de ne plus compter. Il montre au contraire \u00e0 quel point elles comptent &#8211; pr\u00e9cis\u00e9ment parce que leur ouverture ou leur fermeture d\u00e9termine ce qui devient possible.<\/p>\n\n\n\n<p class=\"wp-block-paragraph\"><\/p>\n\n\n\n<h3 class=\"wp-block-heading\">L&rsquo;Aga Khan, un pouvoir par-del\u00e0 les \u00c9tats<\/h3>\n\n\n\n<p class=\"wp-block-paragraph\"><\/p>\n\n\n\n<p class=\"wp-block-paragraph\">Un acteur occupe d\u00e8s lors une place consid\u00e9rable dans le livre : le R\u00e9seau Aga Khan de d\u00e9veloppement (AKDN).<\/p>\n\n\n\n<p class=\"wp-block-paragraph\">Les Isma\u00e9liens constituent la majorit\u00e9 de la population dans la zone transfrontali\u00e8re \u00e9tudi\u00e9e par Sadoza\u00ef. \u00c0 travers ses institutions, l&rsquo;AKDN a d\u00e9velopp\u00e9 dans la r\u00e9gion tout un ensemble de programmes sanitaires, \u00e9ducatifs, \u00e9conomiques et \u00e9nerg\u00e9tiques.<\/p>\n\n\n\n<p class=\"wp-block-paragraph\"><strong>Lire aussi sur Novastan<\/strong>: <a href=\"https:\/\/novastan.org\/fr\/tadjikistan\/tadjikistan-le-dernier-calife-ismaelien\/\" data-type=\"link\" data-id=\"https:\/\/novastan.org\/fr\/tadjikistan\/tadjikistan-le-dernier-calife-ismaelien\/\">Dans les hautes montagnes du Tadjikistan, le dernier calife isma\u00e9lien<\/a><\/p>\n\n\n\n<p class=\"wp-block-paragraph\">L&rsquo;exemple de Pamir Energy est particuli\u00e8rement parlant. Selon les donn\u00e9es internes de l&rsquo;entreprise cit\u00e9es dans le livre, en 2019, elle assurait l&rsquo;acc\u00e8s \u00e0 l&rsquo;\u00e9lectricit\u00e9 \u00e0 96 % de la population du Haut-Badakhchan, soit environ 220 000 personnes, ainsi qu&rsquo;\u00e0 40 000 habitants du nord de l&rsquo;Afghanistan.<\/p>\n\n\n\n<p class=\"wp-block-paragraph\">L&rsquo;AKDN ne se contente toutefois pas de pallier les carences des pouvoirs publics. Il contribue aussi \u00e0 structurer un espace transnational qui d\u00e9passe la g\u00e9ographie des \u00c9tats.<\/p>\n\n\n\n<p class=\"wp-block-paragraph\"><strong>Lire aussi sur Novastan<\/strong>: <a href=\"https:\/\/novastan.org\/fr\/societe-et-culture\/laga-khan-v-nouveau-chef-spirituel-ismaeliens\/\" data-type=\"link\" data-id=\"https:\/\/novastan.org\/fr\/societe-et-culture\/laga-khan-v-nouveau-chef-spirituel-ismaeliens\/\">L\u2019Aga Khan V, nouveau chef spirituel des Isma\u00e9liens<\/a><\/p>\n\n\n\n<p class=\"wp-block-paragraph\">C&rsquo;est l&rsquo;une des conclusions les plus stimulantes de Sadoza\u00ef. Dans le Badakhchan, les relations de pouvoir ne se r\u00e9sument pas \u00e0 deux gouvernements se faisant face. Elles impliquent les habitants eux-m\u00eames, les administrations, les organisations internationales et un r\u00e9seau isma\u00e9lien qui s&rsquo;inscrit dans une histoire institutionnelle transnationale ant\u00e9rieure aux \u00c9tats modernes du Tadjikistan et de l&rsquo;Afghanistan.<\/p>\n\n\n\n<figure class=\"wp-block-image size-large\"><img loading=\"lazy\" decoding=\"async\" width=\"682\" height=\"1024\" src=\"https:\/\/novastan.org\/fr\/wp-content\/uploads\/sites\/4\/2026\/09\/Publicite-promouvant-le-tourisme-transfrontalier_Khorog_2023_web-682x1024.jpg\" alt=\"\" class=\"wp-image-75877\" srcset=\"https:\/\/novastan.org\/fr\/wp-content\/uploads\/sites\/4\/2026\/09\/Publicite-promouvant-le-tourisme-transfrontalier_Khorog_2023_web-682x1024.jpg 682w, https:\/\/novastan.org\/fr\/wp-content\/uploads\/sites\/4\/2026\/09\/Publicite-promouvant-le-tourisme-transfrontalier_Khorog_2023_web-200x300.jpg 200w, https:\/\/novastan.org\/fr\/wp-content\/uploads\/sites\/4\/2026\/09\/Publicite-promouvant-le-tourisme-transfrontalier_Khorog_2023_web-768x1152.jpg 768w, https:\/\/novastan.org\/fr\/wp-content\/uploads\/sites\/4\/2026\/09\/Publicite-promouvant-le-tourisme-transfrontalier_Khorog_2023_web-1024x1536.jpg 1024w, https:\/\/novastan.org\/fr\/wp-content\/uploads\/sites\/4\/2026\/09\/Publicite-promouvant-le-tourisme-transfrontalier_Khorog_2023_web.jpg 1333w\" sizes=\"auto, (max-width: 682px) 100vw, 682px\" \/><figcaption class=\"wp-element-caption\">\u00c0 Khorog, une publicit\u00e9 touristique pr\u00e9sente l\u2019Afghanistan, situ\u00e9 juste de l\u2019autre c\u00f4t\u00e9 du fleuve, comme partie int\u00e9grante de l\u2019exp\u00e9rience du Pamir. 2023. Photo : M\u00e9lanie Sadoza\u00ef.<\/figcaption><\/figure>\n\n\n\n<p class=\"wp-block-paragraph\">Dans cette configuration, la fronti\u00e8re n&rsquo;est plus seulement une limite. Elle devient \u00e9galement un support de circulation et d&rsquo;appartenance.<\/p>\n\n\n\n<p class=\"wp-block-paragraph\"><\/p>\n\n\n\n<h3 class=\"wp-block-heading\">Le retour des talibans change-t-il tout ?<\/h3>\n\n\n\n<p class=\"wp-block-paragraph\"><\/p>\n\n\n\n<p class=\"wp-block-paragraph\">Le test le plus difficile pour la d\u00e9monstration du livre arrive avec la fermeture de la fronti\u00e8re \u00e0 partir de f\u00e9vrier 2020, d&rsquo;abord en r\u00e9ponse \u00e0 la pand\u00e9mie de Covid-19, puis avec son maintien dans le contexte de l&rsquo;avanc\u00e9e et du retour au pouvoir des talibans en Afghanistan en 2021.<\/p>\n\n\n\n<p class=\"wp-block-paragraph\">Les march\u00e9s ferment. Les d\u00e9placements m\u00e9dicaux deviennent exceptionnels. Entre 2020 et 2022, seules cinq femmes afghanes ont pu \u00eatre achemin\u00e9es au Tadjikistan pour y accoucher, au terme de proc\u00e9dures impliquant organisations humanitaires et autorit\u00e9s des deux pays.<\/p>\n\n\n\n<p class=\"wp-block-paragraph\"><strong>Lire aussi sur Novastan<\/strong>: <a href=\"https:\/\/novastan.org\/fr\/tadjikistan\/le-tadjikistan-sur-le-qui-vive-apres-larrivee-des-talibans\/\" data-type=\"link\" data-id=\"https:\/\/novastan.org\/fr\/tadjikistan\/le-tadjikistan-sur-le-qui-vive-apres-larrivee-des-talibans\/\">Le Tadjikistan sur le qui-vive apr\u00e8s l\u2019arriv\u00e9e des talibans<\/a><\/p>\n\n\n\n<p class=\"wp-block-paragraph\">Les restrictions impos\u00e9es aux femmes par les talibans compliquent \u00e9galement le fonctionnement futur des programmes transfrontaliers, notamment lorsque les employ\u00e9es ne peuvent plus travailler ou se d\u00e9placer dans les conditions qui pr\u00e9valaient auparavant.<\/p>\n\n\n\n<p class=\"wp-block-paragraph\">Pour les habitants interrog\u00e9s, les cons\u00e9quences \u00e9conomiques sont imm\u00e9diates. L&rsquo;un des responsables locaux rencontr\u00e9s par Sadoza\u00ef accuse m\u00eame Douchanb\u00e9 d&rsquo;utiliser le Covid-19 et les talibans comme pr\u00e9textes pour maintenir les march\u00e9s ferm\u00e9s et emp\u00eacher l&rsquo;argent tadjik de partir en Afghanistan. Au-del\u00e0 de l&rsquo;interpr\u00e9tation de cet interlocuteur, l&rsquo;\u00e9pisode montre surtout une r\u00e9alit\u00e9 fondamentale : <strong>l&rsquo;\u00c9tat conserve toujours le pouvoir ultime d&rsquo;ouvrir ou de fermer la fronti\u00e8re<\/strong>.<\/p>\n\n\n\n<p class=\"wp-block-paragraph\">Mais c&rsquo;est pr\u00e9cis\u00e9ment ici que Sadoza\u00ef pousse le plus loin son argument. M\u00eame sous un r\u00e9gime officiellement ferm\u00e9, la fronti\u00e8re ne cesse pas totalement de produire des interactions. Certaines travers\u00e9es se maintiennent, des strat\u00e9gies de contournement apparaissent, des \u00e9changes \u00e9nerg\u00e9tiques continuent et les acteurs transnationaux adaptent leurs pratiques.<\/p>\n\n\n\n<p class=\"wp-block-paragraph\">Les march\u00e9s transfrontaliers finissent par rouvrir en septembre 2023.<\/p>\n\n\n\n<p class=\"wp-block-paragraph\"><\/p>\n\n\n\n<h3 class=\"wp-block-heading\">Voir le Pamir depuis le Pamir<\/h3>\n\n\n\n<p class=\"wp-block-paragraph\"><\/p>\n\n\n\n<p class=\"wp-block-paragraph\"><em>Tadjikistan-Afghanistan<\/em> est issu d&rsquo;une th\u00e8se soutenue \u00e0 l&rsquo;INALCO en 2022, mais son int\u00e9r\u00eat d\u00e9passe largement le cercle des sp\u00e9cialistes des <em>border studies<\/em>.<\/p>\n\n\n\n<p class=\"wp-block-paragraph\">Cela tient en grande partie au terrain effectu\u00e9 par Sadoza\u00ef. Ses recherches reposent notamment sur dix mois d&rsquo;observation entre 2014 et 2021 et cinquante entretiens semi-directifs men\u00e9s en dix semaines entre 2019 et 2021. Elle pr\u00e9cise elle-m\u00eame le caract\u00e8re qualitatif et non repr\u00e9sentatif de ce corpus.<\/p>\n\n\n\n<figure class=\"wp-block-image size-large\"><img loading=\"lazy\" decoding=\"async\" width=\"1024\" height=\"682\" src=\"https:\/\/novastan.org\/fr\/wp-content\/uploads\/sites\/4\/2026\/09\/Aire-de-jeux-face-a-la-frontiere-afghane_Ichkachim_2025_web-1024x682.jpg\" alt=\"\" class=\"wp-image-75875\" srcset=\"https:\/\/novastan.org\/fr\/wp-content\/uploads\/sites\/4\/2026\/09\/Aire-de-jeux-face-a-la-frontiere-afghane_Ichkachim_2025_web-1024x682.jpg 1024w, https:\/\/novastan.org\/fr\/wp-content\/uploads\/sites\/4\/2026\/09\/Aire-de-jeux-face-a-la-frontiere-afghane_Ichkachim_2025_web-300x200.jpg 300w, https:\/\/novastan.org\/fr\/wp-content\/uploads\/sites\/4\/2026\/09\/Aire-de-jeux-face-a-la-frontiere-afghane_Ichkachim_2025_web-768x512.jpg 768w, https:\/\/novastan.org\/fr\/wp-content\/uploads\/sites\/4\/2026\/09\/Aire-de-jeux-face-a-la-frontiere-afghane_Ichkachim_2025_web-1536x1024.jpg 1536w, https:\/\/novastan.org\/fr\/wp-content\/uploads\/sites\/4\/2026\/09\/Aire-de-jeux-face-a-la-frontiere-afghane_Ichkachim_2025_web.jpg 2000w\" sizes=\"auto, (max-width: 1024px) 100vw, 1024px\" \/><figcaption class=\"wp-element-caption\">Une aire de jeux \u00e0 Ichkachim, face \u00e0 la fronti\u00e8re afghane, en 2025. Photo : M\u00e9lanie Sadoza\u00ef.<\/figcaption><\/figure>\n\n\n\n<p class=\"wp-block-paragraph\">Son terrain couvre plusieurs districts et localit\u00e9s du Haut-Badakhchan, les infrastructures longeant la fronti\u00e8re et certains sites situ\u00e9s sur le territoire afghan. La recherche s&rsquo;appuie en outre sur plusieurs langues de travail et sur un acc\u00e8s privil\u00e9gi\u00e9 \u00e0 diff\u00e9rents acteurs locaux et institutionnels.<\/p>\n\n\n\n<p class=\"wp-block-paragraph\">Cette pr\u00e9sence sur le terrain donne au livre sa principale qualit\u00e9 : les habitants du Pamir ne servent pas simplement d&rsquo;illustrations \u00e0 une analyse g\u00e9opolitique \u00e9labor\u00e9e ailleurs. Leur fa\u00e7on de comprendre la fronti\u00e8re constitue l&rsquo;objet m\u00eame de l&rsquo;analyse.<\/p>\n\n\n\n<p class=\"wp-block-paragraph\"><strong>Lire aussi sur Novastan<\/strong>: <a href=\"https:\/\/novastan.org\/fr\/tadjikistan\/manque-moyens-afghanistan-securite-frontiere-tadjikistan\/\" data-type=\"link\" data-id=\"https:\/\/novastan.org\/fr\/tadjikistan\/manque-moyens-afghanistan-securite-frontiere-tadjikistan\/\">Le manque de moyens en Afghanistan met \u00e0 mal la s\u00e9curit\u00e9 \u00e0 la fronti\u00e8re avec le Tadjikistan<\/a><\/p>\n\n\n\n<p class=\"wp-block-paragraph\">L&rsquo;ouvrage reste cependant profond\u00e9ment acad\u00e9mique et sa richesse peut parfois devenir sa faiblesse pour le lecteur non sp\u00e9cialiste. La multiplication des acteurs, des niveaux d&rsquo;analyse et des r\u00e9f\u00e9rences th\u00e9oriques demande une certaine attention.<\/p>\n\n\n\n<p class=\"wp-block-paragraph\">Une autre question se pose \u00e0 la lecture. \u00c0 mesure que Sadoza\u00ef \u00e9tend la notion de \u00ab ressource \u00bb aux dimensions \u00e9conomiques, sanitaires, familiales, identitaires et symboliques, puis montre que certaines ressources continuent d&rsquo;exister m\u00eame lorsque la fronti\u00e8re est officiellement ferm\u00e9e, on peut se demander si le concept ne devient pas parfois trop extensible. Dans quelles circonstances une fronti\u00e8re cesserait-elle v\u00e9ritablement d&rsquo;\u00eatre une ressource ?<\/p>\n\n\n\n<p class=\"wp-block-paragraph\">Cette interrogation n&rsquo;est pas \u00e9trang\u00e8re \u00e0 la logique du livre. Dans sa conclusion, Sadoza\u00ef elle-m\u00eame pousse le raisonnement jusqu&rsquo;\u00e0 demander si, malgr\u00e9 les bouleversements politiques et les fermetures, on ne peut pas continuer \u00e0 penser la \u00ab fronti\u00e8re-ressource \u00bb.<\/p>\n\n\n\n<p class=\"wp-block-paragraph\">Cette tension conceptuelle n&rsquo;affaiblit toutefois pas l&rsquo;intuition fondamentale de l&rsquo;ouvrage.<\/p>\n\n\n\n<p class=\"wp-block-paragraph\">La fronti\u00e8re n&rsquo;est ni seulement ouverte ni seulement ferm\u00e9e, ni seulement dangereuse ni seulement b\u00e9n\u00e9fique. Elle est avant tout <strong>un rapport de pouvoir dont les habitants apprennent \u00e0 exploiter les possibilit\u00e9s et \u00e0 subir les contraintes<\/strong>.<\/p>\n\n\n\n<p class=\"wp-block-paragraph\">C&rsquo;est pourquoi le livre est particuli\u00e8rement pr\u00e9cieux aujourd&rsquo;hui. \u00c0 une \u00e9poque o\u00f9 les fronti\u00e8res sont \u00e0 nouveau pr\u00e9sent\u00e9es partout comme des lignes qu&rsquo;il faudrait fortifier, surveiller et d\u00e9fendre, Sadoza\u00ef rappelle qu&rsquo;elles ne peuvent \u00eatre comprises uniquement depuis ceux qui les contr\u00f4lent.<\/p>\n\n\n\n<p class=\"wp-block-paragraph\">Dans le Pamir, regarder de l&rsquo;autre c\u00f4t\u00e9 du Pyanj ne signifie pas n\u00e9cessairement regarder vers une menace. Cela peut aussi vouloir dire regarder vers un march\u00e9, un h\u00f4pital, de l&rsquo;\u00e9lectricit\u00e9, un parent &#8211; ou vers une partie de sa propre histoire.<\/p>\n\n\n\n<p class=\"has-text-align-right wp-block-paragraph\"><strong>R\u00e9dig\u00e9 par Mathieu Lemoine.<\/strong><\/p>\n\n\n\n<hr class=\"wp-block-separator has-alpha-channel-opacity\"\/>\n","protected":false},"excerpt":{"rendered":"<p>Dans Tadjikistan-Afghanistan. Une fronti\u00e8re aux confins du Pamir, la chercheuse M\u00e9lanie Sadoza\u00ef renverse le regard habituellement port\u00e9 sur l&rsquo;une des fronti\u00e8res les plus sensibles d&rsquo;Asie centrale. Derri\u00e8re les images de narcotrafic, de terrorisme et d&rsquo;instabilit\u00e9 appara\u00eet un espace d&rsquo;\u00e9changes, de solidarit\u00e9s et de circulation dont d\u00e9pendent depuis longtemps les populations des deux rives. Une rivi\u00e8re [&hellip;]<\/p>\n","protected":false},"author":358,"featured_media":75868,"comment_status":"open","ping_status":"closed","sticky":false,"template":"","format":"standard","meta":{"_acf_changed":false,"footnotes":""},"categories":[3986,6],"tags":[406,3169,5444,942,6033,1290,523],"coauthors":[358],"class_list":["post-75844","post","type-post","status-publish","format-standard","has-post-thumbnail","hentry","category-societe-et-culture","category-tadjikistan","tag-afghanistan","tag-akdn","tag-frontieres","tag-haut-badakhchan","tag-melanie-sadozai","tag-pamir","tag-tadjikistan"],"acf":[],"_links":{"self":[{"href":"https:\/\/novastan.org\/fr\/wp-json\/wp\/v2\/posts\/75844","targetHints":{"allow":["GET"]}}],"collection":[{"href":"https:\/\/novastan.org\/fr\/wp-json\/wp\/v2\/posts"}],"about":[{"href":"https:\/\/novastan.org\/fr\/wp-json\/wp\/v2\/types\/post"}],"author":[{"embeddable":true,"href":"https:\/\/novastan.org\/fr\/wp-json\/wp\/v2\/users\/358"}],"replies":[{"embeddable":true,"href":"https:\/\/novastan.org\/fr\/wp-json\/wp\/v2\/comments?post=75844"}],"version-history":[{"count":10,"href":"https:\/\/novastan.org\/fr\/wp-json\/wp\/v2\/posts\/75844\/revisions"}],"predecessor-version":[{"id":75878,"href":"https:\/\/novastan.org\/fr\/wp-json\/wp\/v2\/posts\/75844\/revisions\/75878"}],"wp:featuredmedia":[{"embeddable":true,"href":"https:\/\/novastan.org\/fr\/wp-json\/wp\/v2\/media\/75868"}],"wp:attachment":[{"href":"https:\/\/novastan.org\/fr\/wp-json\/wp\/v2\/media?parent=75844"}],"wp:term":[{"taxonomy":"category","embeddable":true,"href":"https:\/\/novastan.org\/fr\/wp-json\/wp\/v2\/categories?post=75844"},{"taxonomy":"post_tag","embeddable":true,"href":"https:\/\/novastan.org\/fr\/wp-json\/wp\/v2\/tags?post=75844"},{"taxonomy":"author","embeddable":true,"href":"https:\/\/novastan.org\/fr\/wp-json\/wp\/v2\/coauthors?post=75844"}],"curies":[{"name":"wp","href":"https:\/\/api.w.org\/{rel}","templated":true}]}}