{"id":74750,"date":"2026-04-29T17:44:14","date_gmt":"2026-04-29T15:44:14","guid":{"rendered":"https:\/\/novastan.org\/fr\/?p=74750"},"modified":"2026-04-29T17:44:16","modified_gmt":"2026-04-29T15:44:16","slug":"miracle-desert-disparition-kazakhs-protegent-plante-rare","status":"publish","type":"post","link":"https:\/\/novastan.org\/fr\/kazakhstan\/miracle-desert-disparition-kazakhs-protegent-plante-rare\/","title":{"rendered":"Un \u00ab\u00a0miracle du d\u00e9sert\u00a0\u00bb en voie de disparition : comment des Kazakhs prot\u00e8gent une plante rare"},"content":{"rendered":"\n<p><strong>Une plante rare, dont la pr\u00e9sence dans les steppes kazakhes reste myst\u00e9rieuse, est menac\u00e9e de disparition. Des sp\u00e9cialistes expliquent au m\u00e9dia kazakh Vlast en quoi consiste cette fleur issue d&rsquo;une famille tropicale et ce qui est entrepris pour la prot\u00e9ger.<\/strong><\/p>\n\n\n\n<p>En 1909, une plante appel\u00e9e <a href=\"https:\/\/fr.wikipedia.org\/wiki\/Incarvillea\">nedzwetzkia de Semiretchi\u00e9<\/a> a \u00e9t\u00e9 d\u00e9couverte, aujourd\u2019hui qualifi\u00e9e de <em>\u00ab\u00a0v\u00e9ritable miracle du d\u00e9sert de l\u2019Asie centrale\u00a0\u00bb. <\/em>Elle est d\u00e9sormais menac\u00e9e de disparition.<\/p>\n\n\n\n<p>Dans la <a href=\"https:\/\/fr.wikipedia.org\/wiki\/Oblys_d%27Almaty\">r\u00e9gion d\u2019Almaty<\/a>, des arch\u00e9ologues et des biologistes mettent en commun leurs ressources pour \u00e9tendre la zone prot\u00e9g\u00e9e de la r\u00e9serve-mus\u00e9e historique, culturelle et naturelle de <a href=\"https:\/\/fr.wikipedia.org\/wiki\/Tamgaly\">Tamgaly<\/a>. La nedzwetzkia de Semiretchi\u00e9 pourrait devenir l\u2019esp\u00e8ce repr\u00e9sentative qui sera en mesure de justifier cette expansion.<\/p>\n\n\n\n<div class=\"flex flex-col md:flex-row justify-evenly items-center bg-yellow-100 my-20 p-10 space-y-10 subscribe\">\n\t<div class=\"container flex flex-col lg:flex-row justify-between\">\n\t\t<div class=\"flex flex-col w-full lg:w-3\/5 pb-4\">\n\t\t\t<h2 class=\"text-3xl text-secondary font-bold mb-4 text-[#749D02]\">\n\t\t\t\t\t\t\t\tSoutenez Novastan, le m\u00e9dia associatif d\u2019Asie centrale \n\t\t\t<\/h2>\n\t\t\t\tEn vous abonnant \u00e0 Novastan, vous soutenez le seul m\u00e9dia europ\u00e9en sp\u00e9cialis\u00e9 sur l\u2019Asie centrale. Nous sommes ind\u00e9pendants et pour le rester, nous avons besoin de votre aide ! \n\t\t\t\t\t\t<\/div>\n\t\t<div class=\"flex flex-col w-full lg:w-2\/5 justify-items-center justify-center pb-4\">\n\t\t\t<div class=\"rounded-md bg-accent-500 px-10 py-5 text-center w-72 mx-auto\">\n\t\t\t\t\t\t\t\t\t\t\t\t\t\t\t<p class=\"pricing text-2xl font-bold\">A partir de 3 \u20ac \/ mois<\/p>\n\t\t\t\t\t\t\t\t<p class=\"\">Toute l\u2019actualit\u00e9 d\u2019Asie centrale<\/p>\n\t\t\t\t\t\t\t\t<a class=\"block rounded bg-white p-2 mt-4 font-bold\" href=\"https:\/\/novastan.org\/fr\/sabonner\/\">Abonnez-vous<\/a>\n\t\t\t\t\t\t\t<\/div>\n\t\t<\/div>\n\t<\/div>\n<\/div>\n\n\n\n<p>L\u2019\u00e9co-b\u00e9n\u00e9vole Dina Sabirova s\u2019est rendue dans les montagnes de <a href=\"https:\/\/fr.wikipedia.org\/wiki\/Tchou_(fleuve)\">Chou<\/a>&#8211;<a href=\"https:\/\/fr.wikipedia.org\/wiki\/Ili\">Ili<\/a>, o\u00f9 elle a eu l\u2019opportunit\u00e9 de rencontrer Alexandre Vladimirovitch Doubynine, chercheur \u00e0 l\u2019Institut de botanique et d\u2019introduction des plantes.<\/p>\n\n\n\n<h2 class=\"wp-block-heading\">Le bassin des rivi\u00e8res Chou et Ili<\/h2>\n\n\n\n<p>Un matin de mai, un groupe compos\u00e9 de passionn\u00e9s, de membres de la soci\u00e9t\u00e9 civile et d\u2019un chercheur du laboratoire de dendrologie de l\u2019Institut de botanique et d\u2019introduction des plantes, Vladimir Epiktetov, se r\u00e9unit devant l\u2019entr\u00e9e du Jardin botanique. Un long trajet les attend jusqu\u2019au <a href=\"https:\/\/fr.wikipedia.org\/wiki\/District_de_Djamboul_(Almaty)\">district de Jambyl<\/a>, dans la r\u00e9gion d\u2019Almaty, vers le village de Karabastaou, situ\u00e9 \u00e0 proximit\u00e9 de la r\u00e9serve-mus\u00e9e de Tamgaly.<\/p>\n\n\n\n<p>En quittant l\u2019environnement urbain, le convoi progresse le long d\u2019une route bord\u00e9e de troupeaux de moutons, de nappes bleut\u00e9es de lin en fleurs et de coquelicots rouges flamboyants \u00e0 perte de vue. \u00c0 la station de Kopa, le responsable du projet, l\u2019\u00e9cologue Alexandre Doubynine, signale la pr\u00e9sence d\u2019une usine. C\u2019est l\u00e0 que le calcaire extrait d\u2019une carri\u00e8re voisine \u00e9tait transform\u00e9, une exploitation qui a conduit \u00e0 la destruction d\u2019une population de nedzwetzkia.<\/p>\n\n\n\n<p><strong>Lire aussi sur Novastan : <a href=\"https:\/\/novastan.org\/fr\/tadjikistan\/plus-de-400-especes-animales-et-vegetales-menacees-au-tadjikistan\/\">Plus de 400 esp\u00e8ces animales et v\u00e9g\u00e9tales menac\u00e9es au Tadjikistan<\/a><\/strong><\/p>\n\n\n\n<p>Au centre d\u2019accueil de Tamgaly, une conf\u00e9rence approfondie sur les monuments arch\u00e9ologiques de l\u2019entre-deux rivi\u00e8res Chou-Ili est donn\u00e9e par Alekse\u00ef Rogojinski, docteur en histoire et chercheur \u00e0 la r\u00e9serve-mus\u00e9e de Tamgaly.<\/p>\n\n\n\n<p>L\u2019un des documents cartographiques les plus anciens est une carte dress\u00e9e par <a href=\"https:\/\/en.wikipedia.org\/wiki\/Johan_Renat\">Johann Gustaf Renat<\/a>, un sergent su\u00e9dois fait prisonnier par les <a href=\"https:\/\/fr.wikipedia.org\/wiki\/Dzoungars\">Dzoungars<\/a>. Il avait \u00e9t\u00e9 captur\u00e9 par les Russes lors de la <a href=\"https:\/\/fr.wikipedia.org\/wiki\/Bataille_de_Poltava\">bataille de Poltava<\/a> en 1709, puis \u00e9tait rest\u00e9 chez les Dzoungars de 1716 \u00e0 1733. \u00c0 son retour en Su\u00e8de, il a \u00e9tabli une carte des territoires dzoungars. C\u2019est sur cette carte qu\u2019appara\u00eet pour la premi\u00e8re fois un petit massif montagneux dans la partie Sud-Ouest de la r\u00e9gion du <a href=\"https:\/\/fr.wikipedia.org\/wiki\/Lac_Balkhach\">Balkhach<\/a>, entre les bassins des rivi\u00e8res Ili et Chou.<\/p>\n\n\n\n<h2 class=\"wp-block-heading\">Des destructions massives dans les ann\u00e9es 1890<\/h2>\n\n\n\n<p>\u00c0 la fin des ann\u00e9es 1890, une destruction massive de monuments a eu lieu. Une vague de chasse au tr\u00e9sor a \u00e9t\u00e9 provoqu\u00e9e par les autorit\u00e9s r\u00e9gionales elles-m\u00eames qui, anim\u00e9es des meilleures intentions, diffusaient aupr\u00e8s des populations locales de la partie orientale du district de Verny (aujourd&rsquo;hui Almaty) l\u2019id\u00e9e suivante : si des artefacts \u00e9taient trouv\u00e9s, il ne fallait pas les d\u00e9truire mais les remettre aux autorit\u00e9s, en \u00e9change d\u2019une certaine r\u00e9compense.<\/p>\n\n\n\n<p>Des r\u00e9cits ont \u00e9t\u00e9 conserv\u00e9s, d\u00e9crivant comment, au printemps, des villages entiers s\u2019\u00e9quipaient de tout ce qu\u2019ils pouvaient trouver et partaient en exp\u00e9dition vers les <a href=\"https:\/\/fr.wikipedia.org\/wiki\/Kourgane\">kourganes<\/a> <em>(tumulus fun\u00e9raire, ndlr)<\/em> les plus proches. Les enceintes rituelles, orn\u00e9es de statues de pierre turques anciennes, \u00e9taient particuli\u00e8rement convoit\u00e9es : tout a \u00e9t\u00e9 d\u00e9truit en masse.<\/p>\n\n\n\n<p class=\"has-light-color has-primary-800-background-color has-text-color has-background\">Envie de participer \u00e0 Novastan ? Nous sommes toujours \u00e0 la recherche de personnes motiv\u00e9es pour nous aider \u00e0 la r\u00e9daction, l&rsquo;organisation d&rsquo;\u00e9v\u00e9nements ou pour notre association. <a href=\"https:\/\/novastan.org\/fr\/novastan-france\/contribuer-a-la-redaction-de-novastan\/\">Et si c&rsquo;\u00e9tait toi ?<\/a><\/p>\n\n\n\n<p>Cette fr\u00e9n\u00e9sie n\u2019a pas \u00e9chapp\u00e9 \u00e0 l\u2019administration r\u00e9gionale, qui a fini par ouvrir une enqu\u00eate sp\u00e9ciale pour tenter d\u2019y mettre un terme. Des arrestations ont m\u00eame eu lieu. Les objets pill\u00e9s ont \u00e9t\u00e9 confisqu\u00e9s, et ils sont aujourd\u2019hui conserv\u00e9s au mus\u00e9e de l\u2019Ermitage.<\/p>\n\n\n\n<h2 class=\"wp-block-heading\">Une r\u00e9gion impact\u00e9e par les carri\u00e8res et le changement climatique<\/h2>\n\n\n\n<p><em>\u00ab\u00a0Ni \u00e0 l\u2019\u00e9poque sovi\u00e9tique, ni aujourd\u2019hui, je ne me souviens que les autorit\u00e9s aient jamais corrig\u00e9 leur propre erreur avec autant de z\u00e8le<\/em>. <em>Quoi qu\u2019il en soit, au cours de cette enqu\u00eate, les r\u00e9gions Sud et Sud-Ouest des montagnes de Chou-Ili ont \u00e9t\u00e9 examin\u00e9es jusqu\u2019\u00e0 l\u2019endroit o\u00f9 nous nous trouvons actuellement, ainsi que la zone pr\u00e8s d\u2019Anraka\u00ef, o\u00f9 la nedzwetzkia a \u00e9t\u00e9 d\u00e9couverte tardivement\u00a0\u00bb<\/em>, affirme Alexe\u00ef Rogojinski.<\/p>\n\n\n\n<p><em>\u00ab\u00a0Sur la carte figure l\u2019itin\u00e9raire du d\u00e9tachement sp\u00e9cial, escort\u00e9 de gardes arm\u00e9s, qui menait l\u2019enqu\u00eate sur ces fouilles pillardes. Plus de 900 s\u00e9pultures et enceintes rituelles avec des statues turques ont \u00e9t\u00e9 d\u00e9truites ou pill\u00e9es. Aujourd\u2019hui, il a \u00e9t\u00e9 possible de constater que dans cette r\u00e9gion, il ne reste pratiquement aucun monument debout comportant ces sculptures en pierre. C\u2019est la cons\u00e9quence directe des fouilles destructrices des ann\u00e9es 1890\u00a0\u00bb<\/em>, ajoute-t-il.<\/p>\n\n\n\n<p>La d\u00e9couverte de la plante pal\u00e9oend\u00e9mique dans son environnement d\u2019origine commence par une visite d\u2019une carri\u00e8re o\u00f9, pendant plusieurs ann\u00e9es, du calcaire a \u00e9t\u00e9 extrait \u00e0 des fins de construction. C&rsquo;est un crat\u00e8re artificiel au milieu de la steppe, entour\u00e9 sur des dizaines de m\u00e8tres de blocs de pierre \u00e9pars. Aucune r\u00e9habilitation n\u2019a \u00e9t\u00e9 entreprise : la carri\u00e8re a simplement \u00e9t\u00e9 abandonn\u00e9e.<\/p>\n\n\n\n<figure class=\"wp-block-image size-large\"><img loading=\"lazy\" decoding=\"async\" width=\"1024\" height=\"682\" src=\"https:\/\/novastan.org\/fr\/wp-content\/uploads\/sites\/4\/2026\/04\/efaa7b2d8a6827b63a3600cb4ac35fa8-1024x682.jpg\" alt=\"Carri\u00e8res Kazakhstan\" class=\"wp-image-74876\" srcset=\"https:\/\/novastan.org\/fr\/wp-content\/uploads\/sites\/4\/2026\/04\/efaa7b2d8a6827b63a3600cb4ac35fa8-1024x682.jpg 1024w, https:\/\/novastan.org\/fr\/wp-content\/uploads\/sites\/4\/2026\/04\/efaa7b2d8a6827b63a3600cb4ac35fa8-300x200.jpg 300w, https:\/\/novastan.org\/fr\/wp-content\/uploads\/sites\/4\/2026\/04\/efaa7b2d8a6827b63a3600cb4ac35fa8-768x512.jpg 768w, https:\/\/novastan.org\/fr\/wp-content\/uploads\/sites\/4\/2026\/04\/efaa7b2d8a6827b63a3600cb4ac35fa8-600x400.jpg 600w, https:\/\/novastan.org\/fr\/wp-content\/uploads\/sites\/4\/2026\/04\/efaa7b2d8a6827b63a3600cb4ac35fa8.jpg 1280w\" sizes=\"auto, (max-width: 1024px) 100vw, 1024px\" \/><figcaption class=\"wp-element-caption\">Les carri\u00e8res creus\u00e9es sur le territoire de la nedzwetzkia. Photo : Elena Kiritchok \/ Vlast.<\/figcaption><\/figure>\n\n\n\n<p>Le changement climatique a \u00e9galement impact\u00e9 la population de nedzwetzkia : tous les buissons sur les pentes du crat\u00e8re sont d\u00e9j\u00e0 couverts de fleurs fan\u00e9es. Cela est d\u00fb \u00e0 la chaleur anormale qui s\u2019est install\u00e9e dans la r\u00e9gion d\u2019Almaty d\u00e8s le mois d\u2019avril.<\/p>\n\n\n\n<h2 class=\"wp-block-heading\">Une fleur tropicale<\/h2>\n\n\n\n<p>Selon Alexandre Doubynine, cette exp\u00e9dition avait pourtant \u00e9t\u00e9 programm\u00e9e dix jours avant la p\u00e9riode habituelle de floraison de la nedzwetzkia, mais la m\u00e9t\u00e9o demeure impr\u00e9visible. Les biologistes ont \u00e9galement \u00e9t\u00e9 d\u00e9\u00e7us par l\u2019absence de fruits, un facteur qui pourrait, entre autres, contribuer \u00e0 la disparition naturelle de cette population.<\/p>\n\n\n\n<p>Alexandre Doubynine a eu l\u2019occasion de guider le groupe depuis le versant Sud, br\u00fblant, de la carri\u00e8re, en passant par l\u2019Est jusqu\u2019au versant Nord, dans l\u2019espoir que quelque part \u00e0 l\u2019ombre, dans la fra\u00eecheur des pierres, aient surv\u00e9cu les boutons roses de cette beaut\u00e9 des tropiques, dont la pr\u00e9sence dans les steppes kazakhes reste un myst\u00e8re.<\/p>\n\n\n\n<p><strong>Lire aussi sur Novastan : <a href=\"https:\/\/novastan.org\/fr\/environnement\/kazakhstan-des-villes-liees-a-lextraction-de-lor-pour-le-meilleur-et-pour-le-pire\/\">Kazakhstan : des villes li\u00e9es \u00e0 l\u2019extraction de l\u2019or, pour le meilleur et pour le pire<\/a><\/strong><\/p>\n\n\n\n<p><em>\u00ab\u00a0La nedzwetzkia, ou incarvillea de Semiretchi\u00e9, est une esp\u00e8ce end\u00e9mique, qui ne pousse que dans les montagnes de Chou-Ili. Elle appartient \u00e0 la famille des <a href=\"https:\/\/fr.wikipedia.org\/wiki\/Bignoniaceae\">bignoniac\u00e9es<\/a>. Les bignoniac\u00e9es poussent principalement sous les tropiques, en Am\u00e9rique du Sud et en Afrique, sous forme d\u2019arbres ou de lianes. Seules quelques esp\u00e8ces, notamment le genre incarvillea, sont repr\u00e9sent\u00e9es en Asie centrale\u00a0\u00bb<\/em>, explique Alexandre Doubynine.<\/p>\n\n\n\n<p>Il poursuit : <em>\u00ab\u00a0L\u2019incarvillea de Semiretchi\u00e9 est extr\u00eamement isol\u00e9e de tous ses plus proches parents. C\u2019est une esp\u00e8ce tropicale, et sa pr\u00e9sence ici soul\u00e8ve beaucoup de questions. Les fleurs des diff\u00e9rentes esp\u00e8ces de bignoniac\u00e9es se ressemblent beaucoup, c\u2019est une caract\u00e9ristique tr\u00e8s conservatrice du groupe. \u00c0 Almaty, on trouve par exemple le campsis, une liane \u00e0 fleurs orange vif, introduite dans la r\u00e9gion.\u00a0\u00bb<\/em><\/p>\n\n\n\n<h2 class=\"wp-block-heading\">Une plante inscrite dans la liste rouge<\/h2>\n\n\n\n<p>La nedzwetzkia est inscrite dans le Livre rouge du Kazakhstan depuis un certain temps, mais elle n\u2019a \u00e9t\u00e9 inscrite dans la Liste rouge internationale qu\u2019\u00e0 partir du 1er novembre 2024.<\/p>\n\n\n\n<p><em>\u00ab\u00a0L\u2019une des missions de notre groupe \u00e9tait d\u2019\u00e9tudier la r\u00e9partition de cette esp\u00e8ce. La premi\u00e8re \u00e9tape consistait \u00e0 analyser les sources litt\u00e9raires. Il a fallu mener une v\u00e9ritable enqu\u00eate de d\u00e9tective, localiser ces points \u00e0 partir de la litt\u00e9rature, comparer cartes et images satellites. Le probl\u00e8me des anciens ouvrages botaniques est qu\u2019ils n\u2019indiquaient pas de coordonn\u00e9es pr\u00e9cises, mais seulement des toponymes. Par exemple, lorsque Bykov, l\u2019un des pionniers de la botanique au Kazakhstan, s\u2019est pench\u00e9 sur le sujet, on n&rsquo;a pas pu retrouver la nedzwetzkia pendant environ 20 ans, faute de rep\u00e8res pr\u00e9cis\u00a0\u00bb<\/em>, explique Alexandre Doubynine.<\/p>\n\n\n\n<p>Mais selon lui, dans les ann\u00e9es 1960-1970, de nouvelles d\u00e9couvertes ont \u00e9t\u00e9 faites. En 1972, dans une de ses monographies, Goloskokov a d\u00e9crit un emplacement compact en indiquant des cours d\u2019eau approximatifs. <em>\u00ab\u00a0Ainsi, nous avons rep\u00e9r\u00e9 plusieurs points que nous avons visit\u00e9s l\u2019ann\u00e9e derni\u00e8re. Ce fut une grande joie de red\u00e9couvrir la nedzwetzkia et d\u2019\u00e9tablir ses coordonn\u00e9es exactes\u00a0\u00bb<\/em>, ajoute le chercheur.<\/p>\n\n\n\n<h2 class=\"wp-block-heading\">La nedzwetzkia prot\u00e9g\u00e9e de fa\u00e7on in\u00e9gale<\/h2>\n\n\n\n<p>Selon lui, tous ces points se concentrent dans la zone prot\u00e9g\u00e9e de Jousandaline, une r\u00e9serve naturelle sp\u00e9ciale malheureusement dot\u00e9e d\u2019un statut tr\u00e8s faible. Tr\u00e8s probablement, cette r\u00e9serve a \u00e9t\u00e9 cr\u00e9\u00e9e pour d\u2019autres objectifs, ce qui explique que le r\u00e9gime de protection varie selon les secteurs.<\/p>\n\n\n\n<p><em>\u00ab\u00a0Pour une aussi grande zone, seules deux esp\u00e8ces v\u00e9g\u00e9tales prot\u00e9g\u00e9es y sont officiellement reconnues, et \u00e0 notre connaissance, la nedzwetzkia n\u2019en fait pas partie. Il n\u2019existe pas non plus de liste g\u00e9n\u00e9rale des plantes prot\u00e9g\u00e9es. Cela signifie qu\u2019elles \u00e9chappent \u00e0 l\u2019attention des personnes qui entreprennent de pr\u00e9lever des portions de territoire\u00a0\u00bb<\/em>, estime Alexandre Doubynine.<\/p>\n\n\n\n<figure class=\"wp-block-image size-large\"><img loading=\"lazy\" decoding=\"async\" width=\"1024\" height=\"678\" src=\"https:\/\/novastan.org\/fr\/wp-content\/uploads\/sites\/4\/2026\/04\/46e126e7830470660a432e59bf6f2576-1024x678.jpg\" alt=\"Fleur Kazakhstan\" class=\"wp-image-74875\" srcset=\"https:\/\/novastan.org\/fr\/wp-content\/uploads\/sites\/4\/2026\/04\/46e126e7830470660a432e59bf6f2576-1024x678.jpg 1024w, https:\/\/novastan.org\/fr\/wp-content\/uploads\/sites\/4\/2026\/04\/46e126e7830470660a432e59bf6f2576-300x200.jpg 300w, https:\/\/novastan.org\/fr\/wp-content\/uploads\/sites\/4\/2026\/04\/46e126e7830470660a432e59bf6f2576-768x509.jpg 768w, https:\/\/novastan.org\/fr\/wp-content\/uploads\/sites\/4\/2026\/04\/46e126e7830470660a432e59bf6f2576-1536x1018.jpg 1536w, https:\/\/novastan.org\/fr\/wp-content\/uploads\/sites\/4\/2026\/04\/46e126e7830470660a432e59bf6f2576-600x398.jpg 600w, https:\/\/novastan.org\/fr\/wp-content\/uploads\/sites\/4\/2026\/04\/46e126e7830470660a432e59bf6f2576.jpg 2000w\" sizes=\"auto, (max-width: 1024px) 100vw, 1024px\" \/><figcaption class=\"wp-element-caption\">La pr\u00e9sence de cette fleur dans le d\u00e9sert kazakh reste un myst\u00e8re. Photo : Dina Sabirova \/ Vlast.<\/figcaption><\/figure>\n\n\n\n<p>Depuis la cr\u00e9ation de la r\u00e9serve de Jousandaline, des parcelles ont \u00e9t\u00e9 d\u00e9tach\u00e9es pour \u00eatre exploit\u00e9es et am\u00e9nag\u00e9es 26 fois. Des documents sont \u00e9tablis pour attester qu\u2019il n\u2019y a rien de pr\u00e9cieux qui pousse sur ces terrains, puis ces 26 parcelles sont affect\u00e9es \u00e0 des activit\u00e9s \u00e9conomiques. <em>\u00ab\u00a0Ainsi, une liste officielle aurait de l\u2019importance, et nous n\u2019en serions pas arriv\u00e9s \u00e0 la situation actuelle avec la carri\u00e8re, o\u00f9 la population de cette esp\u00e8ce a \u00e9t\u00e9 pratiquement d\u00e9truite\u00a0\u00bb<\/em>, estime le chercheur.<\/p>\n\n\n\n<p>En ce qui concerne l\u2019\u00e9valuation de la flore, il faut commencer par le groupe qui est potentiellement le plus menac\u00e9. Par exemple, les end\u00e9miques et subend\u00e9miques, afin de comprendre dans quelle mesure elles n\u00e9cessitent des actions concr\u00e8tes. La possiblit\u00e9 de travailler avec des coll\u00e8gues \u00e0 Cambridge a \u00e9t\u00e9 \u00e9voqu\u00e9e, et en novembre 2024 la nedzwetzkia a \u00e9t\u00e9 r\u00e9inscrite sur la Liste rouge internationale. C\u2019est justement cette liste que regardent en premier lieu les investisseurs pour d\u00e9terminer si des esp\u00e8ces d\u2019importance internationale se trouvent dans leur zone d\u2019activit\u00e9 et pour identifier les territoires cl\u00e9s de la biodiversit\u00e9.<\/p>\n\n\n\n<h2 class=\"wp-block-heading\">Prot\u00e9ger les territoires botaniques cl\u00e9s des montagnes de Chou-Ili<\/h2>\n\n\n\n<p>Le projet \u00ab\u00a0Prot\u00e9ger les territoires botaniques cl\u00e9s des montagnes de Chou-Ili : de l\u2019\u00e9valuation experte \u00e0 l\u2019organisation de la protection\u00a0\u00bb est mis en \u0153uvre en 2025 par le Laboratoire ouvert de biologie de la conservation avec le soutien de <a href=\"https:\/\/vlast.kz\/inside\/25450-vnutri-institut-botaniki-i-fitointrodukcii.html\">l\u2019Institut de botanique et de phyto-introduction<\/a>, du mus\u00e9e-r\u00e9serve historique, culturel et naturel Tanbaly, et du Global Greengrants Fund.<\/p>\n\n\n\n<p>Les objectifs du projet sont de justifier la conservation des territoires naturels botaniquement pr\u00e9cieux des montagnes de Chou-Ili, pr\u00e9parer les documents pour int\u00e9grer ces territoires au r\u00e9seau des zones prot\u00e9g\u00e9es du Kazakhstan, organiser le soutien public pour la protection de la diversit\u00e9 paysag\u00e8re et biologique, et contribuer \u00e0 la conservation des objets du patrimoine naturel et culturel.<\/p>\n\n\n\n<p>Alexandre Doubynine d\u00e9taille pour le m\u00e9dia kazakh Vlast les ambitions de ce projet.<\/p>\n\n\n\n<p><strong>Vlast : Qu\u2019est-ce qui servira de base \u00e0 la justification de l\u2019extension de la zone prot\u00e9g\u00e9e ?<\/strong><\/p>\n\n\n\n<p><strong>Alexandre Doubynine :<\/strong>&nbsp;La nedzwetzkia pourrait \u00eatre une esp\u00e8ce repr\u00e9sentative qui permettrait de transformer une zone assez vaste en r\u00e9serve botanique, ou en r\u00e9serve multifonctionnelle prenant en compte les paysages int\u00e9ressants. Le seul inconv\u00e9nient est que les r\u00e9serves, en g\u00e9n\u00e9ral, sont mal prot\u00e9g\u00e9es, surtout les r\u00e9serves botaniques. Il est donc tr\u00e8s important qu\u2019une structure, une institution, soit charg\u00e9e de veiller sur cette r\u00e9serve botanique.<\/p>\n\n\n\n<p>Une des id\u00e9es est de collaborer avec la r\u00e9serve-mus\u00e9e de Tanbaly pour qu\u2019elle prenne cette zone sous sa protection. Pour cela, un accord doit \u00eatre trouv\u00e9 entre le minist\u00e8re de la Culture et le minist\u00e8re de l\u2019\u00c9cologie et des Ressources naturelles, qui g\u00e8rent ces r\u00e9serves.<\/p>\n\n\n\n<p><strong>Lire aussi sur Novastan : <a href=\"https:\/\/novastan.org\/fr\/kazakhstan\/kazakhstan-garde-forestier-metier-de-tous-les-dangers\/\">Kazakhstan : garde-forestier, m\u00e9tier de tous les dangers<\/a><\/strong><\/p>\n\n\n\n<p>La d\u00e9limitation de la zone cl\u00e9 a \u00e9t\u00e9 presque finalis\u00e9e, il est essentiel de pr\u00e9ciser les fronti\u00e8res et le format de pr\u00e9sentation des informations. Il faudra pr\u00e9parer les documents pour la zone prot\u00e9g\u00e9e et coop\u00e9rer avec l\u2019administration locale et le minist\u00e8re. Le travail s\u2019inscrit actuellement dans le cadre de ce projet, qui vise pr\u00e9cis\u00e9ment \u00e0 prot\u00e9ger les territoires cl\u00e9s, et nous esp\u00e9rons que ce d\u00e9placement contribuera \u00e0 cet objectif.<\/p>\n\n\n\n<p><strong>Si la zone prot\u00e9g\u00e9e a \u00e9t\u00e9 cr\u00e9\u00e9e pour l\u2019introduction de la <a href=\"https:\/\/fr.wikipedia.org\/wiki\/Grande_Outarde\">grande outarde<\/a>, un changement de priorit\u00e9 vers la conservation d\u2019une seule esp\u00e8ce peut-il r\u00e9ellement modifier la situation ?<\/strong><\/p>\n\n\n\n<p>Les plantes constituent une partie essentielle de la vie. Alors que la conservation de la faune b\u00e9n\u00e9ficie traditionnellement de plus d\u2019attention, celle de la flore est beaucoup moins prise en compte. La nedzwetzkia illustre clairement ce ph\u00e9nom\u00e8ne dans la pratique. La r\u00e9serve de Jousandaline devrait th\u00e9oriquement prot\u00e9ger ce territoire, proc\u00e9der \u00e0 un inventaire et d\u00e9limiter des zones particuli\u00e8rement pr\u00e9cieuses, mais ces mesures font d\u00e9faut, et en r\u00e9alit\u00e9, aucune protection effective n\u2019est assur\u00e9e ni par l\u2019\u00c9tat ni par la soci\u00e9t\u00e9 \u00e0 travers l\u2019\u00c9tat.<\/p>\n\n\n\n<p>Des esp\u00e8ces end\u00e9miques du Kazakhstan disparaissent progressivement, notamment en raison de la pr\u00e9dominance d\u2019int\u00e9r\u00eats \u00e9conomiques, industriels et agricoles. En revanche, les pr\u00e9occupations li\u00e9es \u00e0 la pr\u00e9servation de la nature pour les g\u00e9n\u00e9rations futures, \u00e0 l\u2019\u00e9quilibre \u00e9cologique et \u00e0 la reconnaissance de sa valeur restent absentes.<\/p>\n\n\n\n<figure class=\"wp-block-image size-full\"><img loading=\"lazy\" decoding=\"async\" width=\"900\" height=\"596\" src=\"https:\/\/novastan.org\/fr\/wp-content\/uploads\/sites\/4\/2026\/04\/8c24868cfcb0328b6ef4821d47fd1c01_900xauto.jpg\" alt=\"Alexandre Doubynine\" class=\"wp-image-74874\" srcset=\"https:\/\/novastan.org\/fr\/wp-content\/uploads\/sites\/4\/2026\/04\/8c24868cfcb0328b6ef4821d47fd1c01_900xauto.jpg 900w, https:\/\/novastan.org\/fr\/wp-content\/uploads\/sites\/4\/2026\/04\/8c24868cfcb0328b6ef4821d47fd1c01_900xauto-300x200.jpg 300w, https:\/\/novastan.org\/fr\/wp-content\/uploads\/sites\/4\/2026\/04\/8c24868cfcb0328b6ef4821d47fd1c01_900xauto-768x509.jpg 768w, https:\/\/novastan.org\/fr\/wp-content\/uploads\/sites\/4\/2026\/04\/8c24868cfcb0328b6ef4821d47fd1c01_900xauto-600x397.jpg 600w\" sizes=\"auto, (max-width: 900px) 100vw, 900px\" \/><figcaption class=\"wp-element-caption\">Alexandre Doubynine. Photo : Dina Sabirova \/ Vlast.<\/figcaption><\/figure>\n\n\n\n<p>Les sp\u00e9cialistes de l\u2019Institut de botanique ont pour mission principale d\u2019identifier de mani\u00e8re experte les territoires pr\u00e9cieux. Les territoires botaniques cl\u00e9s permettent d\u2019\u00e9valuer l\u2019ensemble des facteurs, de dresser un \u00e9tat des lieux de la protection sur ces zones et de les comparer aux territoires d\u00e9j\u00e0 prot\u00e9g\u00e9s. Par la suite, la l\u00e9gislation nationale doit \u00eatre appliqu\u00e9e, notamment la loi sur les zones naturelles sp\u00e9cialement prot\u00e9g\u00e9es. Des efforts doivent \u00eatre d\u00e9ploy\u00e9s pour organiser la protection territoriale, d\u00e9finir les limites et allouer les budgets n\u00e9cessaires.<\/p>\n\n\n\n<p>La cat\u00e9gorie la plus adapt\u00e9e correspond \u00e0 celle de r\u00e9serve botanique ou, plus g\u00e9n\u00e9ralement, de r\u00e9serve, une vaste zone centr\u00e9e sur un objet sp\u00e9cifique. Si les zoologues peuvent \u00e9galement fournir des donn\u00e9es pr\u00e9cieuses pour les bassins de Chou-Ili et que ceux-ci abritent des esp\u00e8ces animales int\u00e9ressantes, il peut alors s&rsquo;agir d&rsquo;un territoire complexe.<\/p>\n\n\n\n<p><strong>O\u00f9 trouver les fonds pour prot\u00e9ger une fleur relique alors que le gouvernement appelle \u00e0 la rigueur budg\u00e9taire ?<\/strong><\/p>\n\n\n\n<p>Il est essentiel de poser une question cruciale : le r\u00e9gime de protection entrera-t-il en conflit avec les activit\u00e9s \u00e9conomiques, et comment cela affectera-t-il la population ? En g\u00e9n\u00e9ral, cela se r\u00e8gle par l\u2019organisation de formes alternatives d\u2019activit\u00e9. Par exemple, des projets agricoles peuvent \u00eatre propos\u00e9s. Ou m\u00eame le d\u00e9veloppement du tourisme, ce qui n\u00e9cessite des investissements et le d\u00e9veloppement des infrastructures.<\/p>\n\n\n\n<p>Cependant, l&rsquo;Etat a une responsabilit\u00e9 envers ses engagements. Le Kazakhstan a ratifi\u00e9 la Convention sur la diversit\u00e9 biologique, sous l\u2019\u00e9gide de laquelle existent des programmes-cadres. Le dernier en date est le <a href=\"https:\/\/fr.wikipedia.org\/wiki\/Cadre_mondial_de_la_biodiversit%C3%A9_de_Kunming_%C3%A0_Montr%C3%A9al\">programme global de Kunming \u00e0 Montr\u00e9al<\/a>, dans le cadre duquel sont \u00e9labor\u00e9es, au niveau national, des strat\u00e9gies concr\u00e8tes pour pr\u00e9server la biodiversit\u00e9.<\/p>\n\n\n\n<p>Il est clair que le maillon faible concerne les esp\u00e8ces menac\u00e9es. Leur protection constitue un engagement international du pays envers l\u2019humanit\u00e9. Si un pays se consid\u00e8re civilis\u00e9 et a sign\u00e9 ce document, il doit accorder de l\u2019attention \u00e0 ce probl\u00e8me.<\/p>\n\n\n\n<p>La nature repr\u00e9sente en soi un objet pr\u00e9cieux et sacr\u00e9, un h\u00e9ritage pour les g\u00e9n\u00e9rations futures et une fiert\u00e9 nationale. Dans les montagnes de Chou-Ili, il existe des esp\u00e8ces absolument uniques, qu\u2019on ne trouve nulle part ailleurs. La fiert\u00e9 que ces esp\u00e8ces vivent sur le territoire kazakh a aussi son importance.<\/p>\n\n\n\n<a class=\"dbox-donation-page-button\" href=\"https:\/\/donorbox.org\/soutenir-novastan?default_interval=o\" style=\"background: rgb(245, 125, 32); color: rgb(255, 255, 255); text-decoration: none; font-family: Verdana, sans-serif; display: flex; font-size: 16px; padding: 8px 24px; border-radius: 5px; gap: 8px; width: fit-content; line-height: 24px;\"><img decoding=\"async\" src=\"https:\/\/donorbox.org\/images\/white_logo.svg\" style=\"\">Je fais un don \u00e0 Novastan<\/a>\n\n\n\n<p>Lorsque le minist\u00e8re, l\u2019Association kazakhe de protection de la biodiversit\u00e9 (ASBK) et les experts invit\u00e9s, avec le soutien du Programme des Nations unies pour le D\u00e9veloppement (PNUD), ont \u00e9labor\u00e9 la strat\u00e9gie de conservation et d\u2019utilisation de la biodiversit\u00e9, il est apparu que sa mise en \u0153uvre compl\u00e8te par le seul budget de l\u2019\u00c9tat \u00e9tait impossible.<\/p>\n\n\n\n<p>Un m\u00e9canisme est actuellement \u00e0 l\u2019\u00e9tude pour d\u00e9terminer comment et d\u2019o\u00f9 proviendront les financements pour toutes les propositions contenues dans ce plan. Et, sans doute, vous avez entendu que le pr\u00e9sident <a href=\"https:\/\/novastan.org\/fr\/kazakhstan\/kassym-jomart-tokaiev-le-diplomate-devenu-president\/\">Kassym-Jomart Toka\u00efev<\/a> a propos\u00e9 de cr\u00e9er un fonds pour la protection de la biodiversit\u00e9, dont il prendrait la t\u00eate. Ce serait un des m\u00e9canismes pour mobiliser des ressources suppl\u00e9mentaires afin de mettre en \u0153uvre, entre autres, cette strat\u00e9gie, et pour la conservation de la nature en g\u00e9n\u00e9ral.<\/p>\n\n\n\n<p><strong>Tant que le fonds n\u2019est pas encore cr\u00e9\u00e9, comment peut-on prot\u00e9ger l\u2019incarvillea si de la pierre calcaire est extraite sur son territoire de croissance ? Depuis quand cette carri\u00e8re est-elle exploit\u00e9e dans le district de Jambyl ?<\/strong><\/p>\n\n\n\n<p>Actuellement, l\u2019exploitation est suspendue. Il est difficile de dire si l\u2019arr\u00eat de l\u2019extraction est d\u00fb aux courriers adress\u00e9s au minist\u00e8re de l\u2019\u00c9cologie et des Ressources naturelles. D\u2019apr\u00e8s les images satellites utilis\u00e9es lors de notre enqu\u00eate, cette carri\u00e8re existe depuis environ dix ans, c\u2019est-\u00e0-dire qu\u2019elle est exploit\u00e9e depuis longtemps, mais les d\u00e9tails ne sont pas connus. Il n\u2019est pas clair non plus si une expertise environnementale a \u00e9t\u00e9 r\u00e9alis\u00e9e pour cette carri\u00e8re, mais m\u00eame si c\u2019\u00e9tait le cas, elle aura \u00e9t\u00e9 mal faite, car la carri\u00e8re a creus\u00e9 en d\u00e9truisant la population d\u2019incarvillea, difficile \u00e0 manquer.<\/p>\n\n\n\n<p>L\u2019incarvillea est inscrite dans le Livre rouge national depuis 2006. Si un botaniste ou un expert biologiste avait \u00e9t\u00e9 pr\u00e9sent, il aurait d\u00fb la signaler, et cela aurait d\u00fb avoir un impact, mais ce n\u2019est pas arriv\u00e9. Personne n\u2019a reconnu la plante, personne ne l\u2019a vue, personne n\u2019a pens\u00e9 qu\u2019il fallait \u00e9tudier la v\u00e9g\u00e9tation et dresser une liste. Il n\u2019y a aucune protection ni contr\u00f4le des esp\u00e8ces inscrites dans le Livre rouge \u00e0 l\u2019int\u00e9rieur de la r\u00e9serve.<\/p>\n\n\n\n<p><strong>Si l\u2019expertise n\u2019a pas eu lieu au printemps, lors de la floraison de l\u2019incarvillea, un sp\u00e9cialiste aurait-il pu ne pas la remarquer ?<\/strong><\/p>\n\n\n\n<p>L\u2019incarvillea est une plante vivace, un demi-arbrisseau. M\u00eame hors p\u00e9riode de floraison, un botaniste attentif verrait les fruits, nouveaux ou anciens. Elle est impossible \u00e0 confondre. Il n\u2019y a pas tant d\u2019esp\u00e8ces sur ce site pr\u00e8s de la carri\u00e8re, environ 30 \u00e0 40, elles sautent rapidement aux yeux. C\u2019est justement pour cela que l\u2019expertise \u00e9cologique existe : un sp\u00e9cialiste doit venir sur place.<\/p>\n\n\n\n<p><strong>Comment devient-on volontaire scientifique ?<\/strong><\/p>\n\n\n\n<p>C\u2019est tr\u00e8s int\u00e9ressant, et j\u2019y consacre beaucoup de temps. Cette semaine, au jardin botanique, les r\u00e9sultats du tournoi mondial de la nature urbaine <a href=\"https:\/\/www.inaturalist.org\/\">iNaturalist<\/a> sont en cours de compilation. Pr\u00e8s de 700 villes ont particip\u00e9. Le Kazakhstan et Almaty sont bien plac\u00e9s, figurant dans le premier quart des plus actifs au monde avec les meilleurs r\u00e9sultats.<\/p>\n\n\n\n<p>Cette activit\u00e9 a la capacit\u00e9 d\u2019influencer les gens. Il existe un terme, plant blindness, qui s\u2019applique aussi aux insectes. Les gens ne pr\u00eatent pas attention aux d\u00e9tails, mais lorsque l\u2019on prend des photos et qu\u2019on se concentre sur les subtilit\u00e9s, le monde change. On commence \u00e0 voir les plantes, \u00e0 les distinguer.<\/p>\n\n\n\n<figure class=\"wp-block-image size-large\"><img loading=\"lazy\" decoding=\"async\" width=\"1024\" height=\"682\" src=\"https:\/\/novastan.org\/fr\/wp-content\/uploads\/sites\/4\/2026\/04\/892999da0db2903a522b3da957237642-1024x682.jpeg\" alt=\"Champ fleurs Kazakhstan\" class=\"wp-image-74873\" srcset=\"https:\/\/novastan.org\/fr\/wp-content\/uploads\/sites\/4\/2026\/04\/892999da0db2903a522b3da957237642-1024x682.jpeg 1024w, https:\/\/novastan.org\/fr\/wp-content\/uploads\/sites\/4\/2026\/04\/892999da0db2903a522b3da957237642-300x200.jpeg 300w, https:\/\/novastan.org\/fr\/wp-content\/uploads\/sites\/4\/2026\/04\/892999da0db2903a522b3da957237642-768x511.jpeg 768w, https:\/\/novastan.org\/fr\/wp-content\/uploads\/sites\/4\/2026\/04\/892999da0db2903a522b3da957237642-600x400.jpeg 600w, https:\/\/novastan.org\/fr\/wp-content\/uploads\/sites\/4\/2026\/04\/892999da0db2903a522b3da957237642.jpeg 1200w\" sizes=\"auto, (max-width: 1024px) 100vw, 1024px\" \/><figcaption class=\"wp-element-caption\">La nedzwetzkia de Semir\u00e9tchi\u00e9 est inscrite sur la liste rouge des esp\u00e8ces menac\u00e9es. Photo : Vladimir Epiktetov \/ Vlast.<\/figcaption><\/figure>\n\n\n\n<p>Par exemple, <a href=\"https:\/\/fr.wikipedia.org\/wiki\/Astragale_(flore)\">l\u2019astragale<\/a> : toutes les <a href=\"https:\/\/fr.wikipedia.org\/wiki\/Fabaceae\">fabac\u00e9es<\/a> ont une fleur papilionac\u00e9e caract\u00e9ristique et des feuilles compos\u00e9es. Au Kazakhstan, il y a plus de 300 esp\u00e8ces d\u2019astragale. Pour commencer \u00e0 les diff\u00e9rencier, il faut les observer attentivement, remarquer les d\u00e9tails : la fleur, le duvet, la feuille. En apprenant \u00e0 les distinguer, on en tire du plaisir.<\/p>\n\n\n\n<p>C\u2019est aussi un m\u00e9canisme d\u2019implication des gens dans l\u2019\u00e9tude et la protection de la nature, c&rsquo;est la formation d\u2019une autre vision du monde. Quand une personne commence \u00e0 comprendre qu\u2019autour d\u2019elle il y a une explosion de vie et une \u00e9norme diversit\u00e9, qu&rsquo;il y a une multitude d\u2019esp\u00e8ces diff\u00e9rentes de plantes, d\u2019animaux, de champignons, et que tout cela est proche, cr\u00e9\u00e9 d\u2019une mani\u00e8re myst\u00e9rieuse par l\u2019\u00e9volution, alors cette personne change son comportement. Elle ne jette plus ses d\u00e9chets n\u2019importe o\u00f9, elle comprend que cet endroit est l\u2019habitat d\u2019un grand nombre d\u2019esp\u00e8ces, qui ont elles aussi besoin d\u2019espace.<\/p>\n\n\n\n<p>L\u2019humain ne doit pas se croire sup\u00e9rieur \u00e0 tout cela, il doit se penser&nbsp;au m\u00eame niveau. Pas d\u2019\u00e9gocentrisme, pas d\u2019anthropocentrisme, mais un \u00e9cocentrisme. L\u2019homme doit \u00eatre int\u00e9gr\u00e9, \u00e0 \u00e9galit\u00e9 avec les autres, dans ce cercle de la vie. C\u2019est tr\u00e8s compliqu\u00e9, parce que face \u00e0 des conditions difficiles, l\u2019humain agit de mani\u00e8re \u00e9go\u00efste et oublie que d\u2019autres \u00eatres vivants l\u2019entourent : il pense avant tout \u00e0 sa propre survie.<\/p>\n\n\n\n<p>Mais, d\u2019un autre c\u00f4t\u00e9, sans cette prise de conscience, l\u2019humanit\u00e9 n\u2019a pas d\u2019avenir. Il faut changer globalement la mani\u00e8re de voir la biosph\u00e8re, la nature et la relation qu\u2019on a avec elle, et bien s\u00fbr, d\u00e9penser l\u2019argent non pas pour la guerre, mais pour la protection de la nature, la cr\u00e9ation, l\u2019h\u00e9ritage.<\/p>\n\n\n\n<p><strong>L\u2019\u00e9ducation actuelle suffit-elle \u00e0 d\u00e9velopper l\u2019\u00e9cocentrisme ? Faut-il apporter des changements dans le programme scolaire ?<\/strong><\/p>\n\n\n\n<p>Pour synth\u00e9tiser, l\u2019\u00e9cole telle qu\u2019elle existe aujourd\u2019hui, organis\u00e9e en classes, a \u00e9t\u00e9 con\u00e7ue pour une soci\u00e9t\u00e9 industrielle. Ces formats se r\u00e9v\u00e8lent aujourd\u2019hui inad\u00e9quats. Les \u00e9l\u00e8ves apprennent aujourd\u2019hui plus vite et mieux de mani\u00e8re autonome, \u00e0 distance, par d\u2019autres moyens. Internet a tout chang\u00e9 et maintenant l\u2019intelligence artificielle est un atout. Tout le programme doit \u00eatre repens\u00e9. L\u2019\u00e9cole est tr\u00e8s en retard par rapport \u00e0 ce que nous avons aujourd\u2019hui.<\/p>\n\n\n<p style=\"background-color: #d4d4d4;\"><span style=\"color: #000000;\">Envie d'Asie centrale dans votre bo\u00eete mail ? Inscrivez-vous gratuitement \u00e0 notre newsletter hebdomadaire <strong><span style=\"text-decoration: underline;\"><a href=\"https:\/\/2ff41361.sibforms.com\/serve\/MUIFAEUtgQP8Waps-GeAAxU6xgHAdCwla_phFOCNHYUG2N5pyugc_FC9NR3XbOOigQxU5CuQ4V0IZJcq6LjCU6Hx9fBECllNbyvRpMFItJi2WzECxpflAKA-cS-isERi5gQRcgrqND1R6toUU-9w6b_7bd4-Ty-GtfBQfXNFFjMIK0bYtfXjv8bCS5qFaXUgi00yBrR5vK187H2N\">en cliquant ici.<\/a><\/span><\/strong><\/span><\/p>\n\n\n\n<p>Ensuite, la biologie et, en g\u00e9n\u00e9ral, les sciences naturelles, sont des mati\u00e8res tr\u00e8s formelles, tr\u00e8s d\u00e9connect\u00e9es de la nature locale. Il faut mettre l\u2019accent sur l\u2019auto-apprentissage, des projets li\u00e9s \u00e0 la nature, \u00e0 son \u00e9tude, sa protection, et faire en sorte que les \u00e9l\u00e8ves sortent en for\u00eat, en steppe, dans le d\u00e9sert pour \u00e9tudier la biodiversit\u00e9.<\/p>\n\n\n\n<p>La biologie doit s\u2019enseigner par la pratique, c\u2019est ma conviction. Tous les meilleurs biologistes connus, de Darwin \u00e0 Dawkins, ont commenc\u00e9 dans leur enfance par des observations naturalistes. Ils formaient ainsi leur pens\u00e9e biologique, c\u2019est-\u00e0-dire leur compr\u00e9hension de la vie. C\u2019est dans cette direction qu\u2019il faut aller.<\/p>\n\n\n\n<p><strong>Comment et qui peut aider votre projet \u00ab\u00a0Prot\u00e9ger les territoires botaniques cl\u00e9s des montagnes de Chou-Ile : de l\u2019\u00e9valuation experte \u00e0 l\u2019organisation de la protection\u00a0\u00bb ?<\/strong><\/p>\n\n\n\n<p>Il serait tr\u00e8s souhaitable de former une sorte de coalition, un cercle de personnes et d\u2019organisations int\u00e9ress\u00e9es par la conservation des territoires les plus pr\u00e9cieux des montagnes de Chou-Ile. Beaucoup de choses doivent encore \u00eatre expliqu\u00e9es, certains points doivent \u00eatre mis en avant, l\u2019information doit \u00eatre port\u00e9e au public. Il ne faut pas seulement quelques sp\u00e9cialistes botanistes, mais aussi d\u2019autres personnes apportant leur point de vue, trouvant leur place dans ce travail.<\/p>\n\n\n\n<p>Malheureusement, ce processus est tr\u00e8s long. Parfois, la cr\u00e9ation de zones prot\u00e9g\u00e9es peut prendre plusieurs d\u00e9cennies, mais il faut aller plus vite, car la nedzwetzkia n&rsquo;a plus 20 ans devant elle.<\/p>\n\n\n\n<p class=\"has-text-align-right\"><strong>Dina Sabirova<br>Militante \u00e9cologique et journaliste pour Vlast<\/strong><\/p>\n\n\n\n<p class=\"has-text-align-right\"><strong>Traduit du <a href=\"https:\/\/vlast.kz\/story\/64984-iscezausee-pustynnoe-cudo.html\">russe<\/a> par Lisa D&rsquo;Addazio<\/strong><\/p>\n\n\n\n<p><em>Merci d&rsquo;avoir lu cet article jusqu&rsquo;au bout ! Si vous avez un peu de temps, nous aimerions avoir votre avis pour nous am\u00e9liorer. Pour ce faire, vous pouvez&nbsp;<a href=\"https:\/\/forms.gle\/3M7U3fyMRXAiaZmJA\">r\u00e9pondre anonymement \u00e0 ce questionnaire<\/a>&nbsp;ou nous envoyer un email \u00e0&nbsp;<a href=\"mailto:redaction@novastan.org\">redaction@novastan.org<\/a>. Merci beaucoup !<\/em><\/p>\n","protected":false},"excerpt":{"rendered":"<p>Une plante rare, dont la pr\u00e9sence dans les steppes kazakhes reste myst\u00e9rieuse, est menac\u00e9e de disparition. Des sp\u00e9cialistes expliquent au m\u00e9dia kazakh Vlast en quoi consiste cette fleur issue d&rsquo;une famille tropicale et ce qui est entrepris pour la prot\u00e9ger. En 1909, une plante appel\u00e9e nedzwetzkia de Semiretchi\u00e9 a \u00e9t\u00e9 d\u00e9couverte, aujourd\u2019hui qualifi\u00e9e de \u00ab\u00a0v\u00e9ritable [&hellip;]<\/p>\n","protected":false},"author":108,"featured_media":74877,"comment_status":"open","ping_status":"closed","sticky":false,"template":"","format":"standard","meta":{"_acf_changed":false,"footnotes":""},"categories":[4],"tags":[665,3802,428,2568,3348,521,1956],"coauthors":[108],"class_list":["post-74750","post","type-post","status-publish","format-standard","has-post-thumbnail","hentry","category-kazakhstan","tag-ecologie","tag-entretien","tag-environnement","tag-flore","tag-region-dalmaty","tag-societe","tag-traduction"],"acf":[],"_links":{"self":[{"href":"https:\/\/novastan.org\/fr\/wp-json\/wp\/v2\/posts\/74750","targetHints":{"allow":["GET"]}}],"collection":[{"href":"https:\/\/novastan.org\/fr\/wp-json\/wp\/v2\/posts"}],"about":[{"href":"https:\/\/novastan.org\/fr\/wp-json\/wp\/v2\/types\/post"}],"author":[{"embeddable":true,"href":"https:\/\/novastan.org\/fr\/wp-json\/wp\/v2\/users\/108"}],"replies":[{"embeddable":true,"href":"https:\/\/novastan.org\/fr\/wp-json\/wp\/v2\/comments?post=74750"}],"version-history":[{"count":9,"href":"https:\/\/novastan.org\/fr\/wp-json\/wp\/v2\/posts\/74750\/revisions"}],"predecessor-version":[{"id":74883,"href":"https:\/\/novastan.org\/fr\/wp-json\/wp\/v2\/posts\/74750\/revisions\/74883"}],"wp:featuredmedia":[{"embeddable":true,"href":"https:\/\/novastan.org\/fr\/wp-json\/wp\/v2\/media\/74877"}],"wp:attachment":[{"href":"https:\/\/novastan.org\/fr\/wp-json\/wp\/v2\/media?parent=74750"}],"wp:term":[{"taxonomy":"category","embeddable":true,"href":"https:\/\/novastan.org\/fr\/wp-json\/wp\/v2\/categories?post=74750"},{"taxonomy":"post_tag","embeddable":true,"href":"https:\/\/novastan.org\/fr\/wp-json\/wp\/v2\/tags?post=74750"},{"taxonomy":"author","embeddable":true,"href":"https:\/\/novastan.org\/fr\/wp-json\/wp\/v2\/coauthors?post=74750"}],"curies":[{"name":"wp","href":"https:\/\/api.w.org\/{rel}","templated":true}]}}