{"id":74655,"date":"2026-04-09T06:19:00","date_gmt":"2026-04-09T04:19:00","guid":{"rendered":"https:\/\/novastan.org\/fr\/?p=74655"},"modified":"2026-04-09T10:05:15","modified_gmt":"2026-04-09T08:05:15","slug":"printemps-a-murghab","status":"publish","type":"post","link":"https:\/\/novastan.org\/fr\/photo-du-jour\/printemps-a-murghab\/","title":{"rendered":"Printemps \u00e0 Murghab"},"content":{"rendered":"\n<p>Les rivi\u00e8res sont g\u00e9n\u00e9ralement le lieu de rencontre des femmes et des enfants pendant la journ\u00e9e. Cette photo a \u00e9t\u00e9 prise aux abords de <strong><a href=\"https:\/\/fr.wikipedia.org\/wiki\/Murghab_(Tadjikistan)\">Murghab<\/a><\/strong>, peu avant le coucher du soleil.<\/p>\n\n\n\n<p>Ce mercredi 8 avril 2026, l&rsquo;<strong><a href=\"https:\/\/www.inalco.fr\">INALCO<\/a><\/strong> organisait un colloque multidisciplinaire (anthropologie, linguistique, arch\u00e9ologie, photographie, cartographie, musicologie &#8230;) consacr\u00e9 au Pamir, \u00ab\u00a0<strong><a href=\"https:\/\/www.inalco.fr\/evenements\/les-visages-du-pamir-la-montagne-vecue-habitee-parlee\">Les visages du Pamir : la montagne v\u00e9cue, habit\u00e9e, parl\u00e9e<\/a><\/strong>\u00a0\u00bb .<\/p>\n\n\n\n<p><strong>Cr\u00e9dit: Etienne Bellard<\/strong> (France, <strong><a href=\"http:\/\/instagram.com\/etienneblld\">@etienneblld<\/a><\/strong>)<\/p>\n\n\n<p>Retrouvez <a style=\"color: #f57d20; text-decoration: underline;\" href=\"https:\/\/novastan.org\/fr\/cat\/photo-du-jour\/\">toutes nos photos du jour<\/a>. Vous pouvez <span style=\"text-decoration: underline; color: #ffcc00;\"><a style=\"color: #ffcc00; text-decoration: underline;\" href=\"https:\/\/novastan.org\/fr\/novastan\/vous-pouvez-acheter-les-photos-du-jour-de-novastan\/\"><span><span style=\"color: #ff6600; text-decoration: underline;\">en acheter certaines par ici<\/span><\/span><\/a><\/span> et les recevoir chez vous. Si vous souhaitez acheter cette photo et qu'elle ne fait pas partie de la liste, <a style=\"color: #f57d20; text-decoration: underline;\" href=\"https:\/\/docs.google.com\/forms\/d\/e\/1FAIpQLSd15d581LexYV_W4Bo7D43H8ZOhTS4AbrBQAfv3F8eok9b7IQ\/viewform?usp=sf_link\">faites-nous une demande<\/a> !<\/p>\n\n\n\n<p><\/p>\n","protected":false},"excerpt":{"rendered":"<p>Les rivi\u00e8res sont g\u00e9n\u00e9ralement le lieu de rencontre des femmes et des enfants pendant la journ\u00e9e. Cette photo a \u00e9t\u00e9 prise aux abords de Murghab, peu avant le coucher du soleil. Ce mercredi 8 avril 2026, l&rsquo;INALCO organisait un colloque multidisciplinaire (anthropologie, linguistique, arch\u00e9ologie, photographie, cartographie, musicologie &#8230;) consacr\u00e9 au Pamir, \u00ab\u00a0Les visages du Pamir [&hellip;]<\/p>\n","protected":false},"author":108,"featured_media":74656,"comment_status":"open","ping_status":"closed","sticky":false,"template":"","format":"standard","meta":{"_acf_changed":false,"footnotes":""},"categories":[11],"tags":[3098,942,1290,1372,523,5716],"coauthors":[108],"class_list":["post-74655","post","type-post","status-publish","format-standard","has-post-thumbnail","hentry","category-photo-du-jour","tag-autoroute-du-pamir","tag-haut-badakhchan","tag-pamir","tag-photo-du-jour","tag-tadjikistan","tag-vie-rurale"],"acf":[],"_links":{"self":[{"href":"https:\/\/novastan.org\/fr\/wp-json\/wp\/v2\/posts\/74655","targetHints":{"allow":["GET"]}}],"collection":[{"href":"https:\/\/novastan.org\/fr\/wp-json\/wp\/v2\/posts"}],"about":[{"href":"https:\/\/novastan.org\/fr\/wp-json\/wp\/v2\/types\/post"}],"author":[{"embeddable":true,"href":"https:\/\/novastan.org\/fr\/wp-json\/wp\/v2\/users\/108"}],"replies":[{"embeddable":true,"href":"https:\/\/novastan.org\/fr\/wp-json\/wp\/v2\/comments?post=74655"}],"version-history":[{"count":2,"href":"https:\/\/novastan.org\/fr\/wp-json\/wp\/v2\/posts\/74655\/revisions"}],"predecessor-version":[{"id":74660,"href":"https:\/\/novastan.org\/fr\/wp-json\/wp\/v2\/posts\/74655\/revisions\/74660"}],"wp:featuredmedia":[{"embeddable":true,"href":"https:\/\/novastan.org\/fr\/wp-json\/wp\/v2\/media\/74656"}],"wp:attachment":[{"href":"https:\/\/novastan.org\/fr\/wp-json\/wp\/v2\/media?parent=74655"}],"wp:term":[{"taxonomy":"category","embeddable":true,"href":"https:\/\/novastan.org\/fr\/wp-json\/wp\/v2\/categories?post=74655"},{"taxonomy":"post_tag","embeddable":true,"href":"https:\/\/novastan.org\/fr\/wp-json\/wp\/v2\/tags?post=74655"},{"taxonomy":"author","embeddable":true,"href":"https:\/\/novastan.org\/fr\/wp-json\/wp\/v2\/coauthors?post=74655"}],"curies":[{"name":"wp","href":"https:\/\/api.w.org\/{rel}","templated":true}]}}